{"id":3911,"date":"2023-04-20T10:43:46","date_gmt":"2023-04-20T08:43:46","guid":{"rendered":"https:\/\/laudiobhi.eus\/?p=3911"},"modified":"2023-04-20T10:47:54","modified_gmt":"2023-04-20T08:47:54","slug":"aiaraldeko-eskola-publikoa-bizirik","status":"publish","type":"post","link":"https:\/\/laudiobhi.eus\/es\/aiaraldeko-eskola-publikoa-bizirik\/","title":{"rendered":"Aiaraldeko Eskola Publikoa Bizirik"},"content":{"rendered":"<p>[et_pb_section fb_built=\u00bb1&#8243; _builder_version=\u00bb4.16&#8243; global_colors_info=\u00bb{}\u00bb][et_pb_row column_structure=\u00bb1_2,1_2&#8243; _builder_version=\u00bb4.19.2&#8243; _module_preset=\u00bbdefault\u00bb global_colors_info=\u00bb{}\u00bb][et_pb_column type=\u00bb1_2&#8243; _builder_version=\u00bb4.19.2&#8243; _module_preset=\u00bbdefault\u00bb global_colors_info=\u00bb{}\u00bb][et_pb_blurb title=\u00bbMANIFESTACI\u00d3N RUIDOSA: 21 de abril a las 18:00h en Laudio.\u00bb _builder_version=\u00bb4.20.4&#8243; _module_preset=\u00bbdefault\u00bb box_shadow_style=\u00bbpreset4&#8243; global_colors_info=\u00bb{}\u00bb][\/et_pb_blurb][et_pb_text _builder_version=\u00bb4.20.4&#8243; _module_preset=\u00bbdefault\u00bb text_font_size=\u00bb16px\u00bb animation_style=\u00bbslide\u00bb link_option_url_new_window=\u00bbon\u00bb global_colors_info=\u00bb{}\u00bb]<\/p>\n<p>&nbsp;<\/p>\n<p>Como ya sabr\u00e9is, en los \u00faltimos tiempos las escuelas p\u00fablicas de Aiaraldea nos hemos visto seriamente da\u00f1adas por las decisiones de la Consejer\u00eda de\u00a0 Educaci\u00f3n del Gobierno Vasco.<\/p>\n<ul>\n<li>Primero, fue la noticia del cierre de Zabaleko (Amurrio).<\/li>\n<li>El a\u00f1o pasado, el afectado fue Mendiko (Amurrio), porque derivaron una matr\u00edcula a otro centro para poder cerrar una l\u00ednea en el aula de 3 a\u00f1os.\u00a0<\/li>\n<li>M\u00e1s recientemente, nos despertamos con la noticia de que quer\u00edan cancelar el aula de 2 a\u00f1os en Areta.<\/li>\n<li>Y ahora, el problema lo tenemos con las matriculaciones para el curso<br \/>2023-2024:<br \/>Una matr\u00edcula del colegio Lamuza la han derivado a la Ikastola de Laudio,<br \/>separando as\u00ed a dos hermanos, y una matr\u00edcula de Zabaleko la han<br \/>derivado a Amaurre (Amurrio) para, de esta manera, tener solo una clase<br \/>juntando a los ni\u00f1os y ni\u00f1as de 2 a\u00f1os y los de 3.<\/li>\n<\/ul>\n<p>[\/et_pb_text][\/et_pb_column][et_pb_column type=\u00bb1_2&#8243; _builder_version=\u00bb4.19.2&#8243; _module_preset=\u00bbdefault\u00bb global_colors_info=\u00bb{}\u00bb][et_pb_image src=\u00bbhttps:\/\/laudiobhi.eus\/wp-content\/uploads\/2023\/04\/Ostiraleko-manifestazioa.jpg\u00bb title_text=\u00bbOstiraleko manifestazioa\u00bb url=\u00bbhttps:\/\/laudiobhi.eus\/wp-content\/uploads\/2023\/02\/Egutegia_2023_22024_e.pdf\u00bb _builder_version=\u00bb4.20.4&#8243; _module_preset=\u00bbdefault\u00bb box_shadow_style=\u00bbpreset2&#8243; global_colors_info=\u00bb{}\u00bb][\/et_pb_image][\/et_pb_column][\/et_pb_row][et_pb_row _builder_version=\u00bb4.20.4&#8243; _module_preset=\u00bbdefault\u00bb global_colors_info=\u00bb{}\u00bb][et_pb_column type=\u00bb4_4&#8243; _builder_version=\u00bb4.20.4&#8243; _module_preset=\u00bbdefault\u00bb global_colors_info=\u00bb{}\u00bb][et_pb_text _builder_version=\u00bb4.20.4&#8243; _module_preset=\u00bbdefault\u00bb text_font_size=\u00bb16px\u00bb global_colors_info=\u00bb{}\u00bb]<\/p>\n<p>\u00bfCu\u00e1l ser\u00e1 la pr\u00f3xima idea de la Consejer\u00eda para perjudicarnos?<br \/>Quieren da\u00f1arnos de muerte, pero no se lo vamos a permitir. Por eso, os pedimos a todas las familias que el pr\u00f3ximo viernes d\u00eda 21 os pong\u00e1is la camiseta del colegio, coj\u00e1is la cazuela m\u00e1s ruidosa que teng\u00e1is en casa, y vay\u00e1is a la manifestaci\u00f3n que saldr\u00e1 a las 18:00 horas del colegio Lamuza de Laudio, para luchar porque nuestros hijos e hijas, y los ni\u00f1os y ni\u00f1as que est\u00e1n por venir, sigan teniendo el derecho a una educaci\u00f3n p\u00fablica con todas las garant\u00edas.<br \/>Entre todos podemos parar estas injusticias!!<\/p>\n<h4 style=\"text-align: center;\">Aiaraldeko Eskola Publikoa Bizirik!!<\/h4>\n<h4 style=\"text-align: center;\">Gora Euskal Eskola Publikoa!!!<\/h4>\n<p>[\/et_pb_text][\/et_pb_column][\/et_pb_row][\/et_pb_section]<\/p>\n","protected":false},"excerpt":{"rendered":"<p>&nbsp; Como ya sabr\u00e9is, en los \u00faltimos tiempos las escuelas p\u00fablicas de Aiaraldea nos hemos visto seriamente da\u00f1adas por las decisiones de la Consejer\u00eda de\u00a0 Educaci\u00f3n del Gobierno Vasco. Primero, fue la noticia del cierre de Zabaleko (Amurrio). El a\u00f1o pasado, el afectado fue Mendiko (Amurrio), porque derivaron una matr\u00edcula a otro centro para poder [&hellip;]<\/p>\n","protected":false},"author":2,"featured_media":3915,"comment_status":"closed","ping_status":"closed","sticky":false,"template":"","format":"standard","meta":{"_et_pb_use_builder":"on","_et_pb_old_content":"","_et_gb_content_width":"","footnotes":""},"categories":[6],"tags":[],"class_list":["post-3911","post","type-post","status-publish","format-standard","has-post-thumbnail","hentry","category-sin-categorizar","et-has-post-format-content","et_post_format-et-post-format-standard"],"yoast_head":"<!-- This site is optimized with the Yoast SEO plugin v27.1.1 - https:\/\/yoast.com\/product\/yoast-seo-wordpress\/ -->\n<title>Aiaraldeko Eskola Publikoa Bizirik | laudioinstitutua<\/title>\n<meta name=\"robots\" content=\"noindex, follow\" \/>\n<meta property=\"og:locale\" content=\"es_ES\" \/>\n<meta property=\"og:type\" content=\"article\" \/>\n<meta property=\"og:title\" content=\"Aiaraldeko Eskola Publikoa Bizirik | laudioinstitutua\" \/>\n<meta property=\"og:description\" content=\"&nbsp; Como ya sabr\u00e9is, en los \u00faltimos tiempos las escuelas p\u00fablicas de Aiaraldea nos hemos visto seriamente da\u00f1adas por las decisiones de la Consejer\u00eda de\u00a0 Educaci\u00f3n del Gobierno Vasco. Primero, fue la noticia del cierre de Zabaleko (Amurrio). El a\u00f1o pasado, el afectado fue Mendiko (Amurrio), porque derivaron una matr\u00edcula a otro centro para poder [&hellip;]\" \/>\n<meta property=\"og:url\" content=\"https:\/\/laudiobhi.eus\/es\/aiaraldeko-eskola-publikoa-bizirik\/\" \/>\n<meta property=\"og:site_name\" content=\"laudioinstitutua\" \/>\n<meta property=\"article:published_time\" content=\"2023-04-20T08:43:46+00:00\" \/>\n<meta property=\"article:modified_time\" content=\"2023-04-20T08:47:54+00:00\" \/>\n<meta property=\"og:image\" content=\"https:\/\/laudiobhi.eus\/wp-content\/uploads\/2023\/04\/MANIFESTAZIOAa.png\" \/>\n\t<meta property=\"og:image:width\" content=\"300\" \/>\n\t<meta property=\"og:image:height\" content=\"300\" \/>\n\t<meta property=\"og:image:type\" content=\"image\/png\" \/>\n<meta name=\"author\" content=\"Aritza\" \/>\n<meta name=\"twitter:card\" content=\"summary_large_image\" \/>\n<meta name=\"twitter:label1\" content=\"Escrito por\" \/>\n\t<meta name=\"twitter:data1\" content=\"Aritza\" \/>\n\t<meta name=\"twitter:label2\" content=\"Tiempo de lectura\" \/>\n\t<meta name=\"twitter:data2\" content=\"2 minutos\" \/>\n<script type=\"application\/ld+json\" class=\"yoast-schema-graph\">{\"@context\":\"https:\/\/schema.org\",\"@graph\":[{\"@type\":\"Article\",\"@id\":\"https:\/\/laudiobhi.eus\/es\/aiaraldeko-eskola-publikoa-bizirik\/#article\",\"isPartOf\":{\"@id\":\"https:\/\/laudiobhi.eus\/es\/aiaraldeko-eskola-publikoa-bizirik\/\"},\"author\":{\"name\":\"Aritza\",\"@id\":\"https:\/\/laudiobhi.eus\/es\/#\/schema\/person\/2e02d70cc6d87b96593919a1a30cfd48\"},\"headline\":\"Aiaraldeko Eskola Publikoa Bizirik\",\"datePublished\":\"2023-04-20T08:43:46+00:00\",\"dateModified\":\"2023-04-20T08:47:54+00:00\",\"mainEntityOfPage\":{\"@id\":\"https:\/\/laudiobhi.eus\/es\/aiaraldeko-eskola-publikoa-bizirik\/\"},\"wordCount\":485,\"image\":{\"@id\":\"https:\/\/laudiobhi.eus\/es\/aiaraldeko-eskola-publikoa-bizirik\/#primaryimage\"},\"thumbnailUrl\":\"https:\/\/laudiobhi.eus\/wp-content\/uploads\/2023\/04\/MANIFESTAZIOAa.png\",\"articleSection\":[\"Sin categorizar\"],\"inLanguage\":\"es\"},{\"@type\":\"WebPage\",\"@id\":\"https:\/\/laudiobhi.eus\/es\/aiaraldeko-eskola-publikoa-bizirik\/\",\"url\":\"https:\/\/laudiobhi.eus\/es\/aiaraldeko-eskola-publikoa-bizirik\/\",\"name\":\"Aiaraldeko Eskola Publikoa Bizirik | laudioinstitutua\",\"isPartOf\":{\"@id\":\"https:\/\/laudiobhi.eus\/es\/#website\"},\"primaryImageOfPage\":{\"@id\":\"https:\/\/laudiobhi.eus\/es\/aiaraldeko-eskola-publikoa-bizirik\/#primaryimage\"},\"image\":{\"@id\":\"https:\/\/laudiobhi.eus\/es\/aiaraldeko-eskola-publikoa-bizirik\/#primaryimage\"},\"thumbnailUrl\":\"https:\/\/laudiobhi.eus\/wp-content\/uploads\/2023\/04\/MANIFESTAZIOAa.png\",\"datePublished\":\"2023-04-20T08:43:46+00:00\",\"dateModified\":\"2023-04-20T08:47:54+00:00\",\"author\":{\"@id\":\"https:\/\/laudiobhi.eus\/es\/#\/schema\/person\/2e02d70cc6d87b96593919a1a30cfd48\"},\"breadcrumb\":{\"@id\":\"https:\/\/laudiobhi.eus\/es\/aiaraldeko-eskola-publikoa-bizirik\/#breadcrumb\"},\"inLanguage\":\"es\",\"potentialAction\":[{\"@type\":\"ReadAction\",\"target\":[\"https:\/\/laudiobhi.eus\/es\/aiaraldeko-eskola-publikoa-bizirik\/\"]}]},{\"@type\":\"ImageObject\",\"inLanguage\":\"es\",\"@id\":\"https:\/\/laudiobhi.eus\/es\/aiaraldeko-eskola-publikoa-bizirik\/#primaryimage\",\"url\":\"https:\/\/laudiobhi.eus\/wp-content\/uploads\/2023\/04\/MANIFESTAZIOAa.png\",\"contentUrl\":\"https:\/\/laudiobhi.eus\/wp-content\/uploads\/2023\/04\/MANIFESTAZIOAa.png\",\"width\":300,\"height\":300},{\"@type\":\"BreadcrumbList\",\"@id\":\"https:\/\/laudiobhi.eus\/es\/aiaraldeko-eskola-publikoa-bizirik\/#breadcrumb\",\"itemListElement\":[{\"@type\":\"ListItem\",\"position\":1,\"name\":\"Home\",\"item\":\"https:\/\/laudiobhi.eus\/es\/\"},{\"@type\":\"ListItem\",\"position\":2,\"name\":\"Aiaraldeko Eskola Publikoa Bizirik\"}]},{\"@type\":\"WebSite\",\"@id\":\"https:\/\/laudiobhi.eus\/es\/#website\",\"url\":\"https:\/\/laudiobhi.eus\/es\/\",\"name\":\"laudioinstitutua\",\"description\":\"IES LAUDIO BHI \u00b7 Institutua\",\"potentialAction\":[{\"@type\":\"SearchAction\",\"target\":{\"@type\":\"EntryPoint\",\"urlTemplate\":\"https:\/\/laudiobhi.eus\/es\/?s={search_term_string}\"},\"query-input\":{\"@type\":\"PropertyValueSpecification\",\"valueRequired\":true,\"valueName\":\"search_term_string\"}}],\"inLanguage\":\"es\"},{\"@type\":\"Person\",\"@id\":\"https:\/\/laudiobhi.eus\/es\/#\/schema\/person\/2e02d70cc6d87b96593919a1a30cfd48\",\"name\":\"Aritza\",\"image\":{\"@type\":\"ImageObject\",\"inLanguage\":\"es\",\"@id\":\"https:\/\/laudiobhi.eus\/es\/#\/schema\/person\/image\/\",\"url\":\"https:\/\/secure.gravatar.com\/avatar\/41f64484d033391b7a3595dcef79858c3ee04a4f800e403fcb88602fb11410fd?s=96&d=mm&r=g\",\"contentUrl\":\"https:\/\/secure.gravatar.com\/avatar\/41f64484d033391b7a3595dcef79858c3ee04a4f800e403fcb88602fb11410fd?s=96&d=mm&r=g\",\"caption\":\"Aritza\"}}]}<\/script>\n<!-- \/ Yoast SEO plugin. -->","yoast_head_json":{"title":"Aiaraldeko Eskola Publikoa Bizirik | laudioinstitutua","robots":{"index":"noindex","follow":"follow"},"og_locale":"es_ES","og_type":"article","og_title":"Aiaraldeko Eskola Publikoa Bizirik | laudioinstitutua","og_description":"&nbsp; Como ya sabr\u00e9is, en los \u00faltimos tiempos las escuelas p\u00fablicas de Aiaraldea nos hemos visto seriamente da\u00f1adas por las decisiones de la Consejer\u00eda de\u00a0 Educaci\u00f3n del Gobierno Vasco. Primero, fue la noticia del cierre de Zabaleko (Amurrio). El a\u00f1o pasado, el afectado fue Mendiko (Amurrio), porque derivaron una matr\u00edcula a otro centro para poder [&hellip;]","og_url":"https:\/\/laudiobhi.eus\/es\/aiaraldeko-eskola-publikoa-bizirik\/","og_site_name":"laudioinstitutua","article_published_time":"2023-04-20T08:43:46+00:00","article_modified_time":"2023-04-20T08:47:54+00:00","og_image":[{"width":300,"height":300,"url":"https:\/\/laudiobhi.eus\/wp-content\/uploads\/2023\/04\/MANIFESTAZIOAa.png","type":"image\/png"}],"author":"Aritza","twitter_card":"summary_large_image","twitter_misc":{"Escrito por":"Aritza","Tiempo de lectura":"2 minutos"},"schema":{"@context":"https:\/\/schema.org","@graph":[{"@type":"Article","@id":"https:\/\/laudiobhi.eus\/es\/aiaraldeko-eskola-publikoa-bizirik\/#article","isPartOf":{"@id":"https:\/\/laudiobhi.eus\/es\/aiaraldeko-eskola-publikoa-bizirik\/"},"author":{"name":"Aritza","@id":"https:\/\/laudiobhi.eus\/es\/#\/schema\/person\/2e02d70cc6d87b96593919a1a30cfd48"},"headline":"Aiaraldeko Eskola Publikoa Bizirik","datePublished":"2023-04-20T08:43:46+00:00","dateModified":"2023-04-20T08:47:54+00:00","mainEntityOfPage":{"@id":"https:\/\/laudiobhi.eus\/es\/aiaraldeko-eskola-publikoa-bizirik\/"},"wordCount":485,"image":{"@id":"https:\/\/laudiobhi.eus\/es\/aiaraldeko-eskola-publikoa-bizirik\/#primaryimage"},"thumbnailUrl":"https:\/\/laudiobhi.eus\/wp-content\/uploads\/2023\/04\/MANIFESTAZIOAa.png","articleSection":["Sin categorizar"],"inLanguage":"es"},{"@type":"WebPage","@id":"https:\/\/laudiobhi.eus\/es\/aiaraldeko-eskola-publikoa-bizirik\/","url":"https:\/\/laudiobhi.eus\/es\/aiaraldeko-eskola-publikoa-bizirik\/","name":"Aiaraldeko Eskola Publikoa Bizirik | laudioinstitutua","isPartOf":{"@id":"https:\/\/laudiobhi.eus\/es\/#website"},"primaryImageOfPage":{"@id":"https:\/\/laudiobhi.eus\/es\/aiaraldeko-eskola-publikoa-bizirik\/#primaryimage"},"image":{"@id":"https:\/\/laudiobhi.eus\/es\/aiaraldeko-eskola-publikoa-bizirik\/#primaryimage"},"thumbnailUrl":"https:\/\/laudiobhi.eus\/wp-content\/uploads\/2023\/04\/MANIFESTAZIOAa.png","datePublished":"2023-04-20T08:43:46+00:00","dateModified":"2023-04-20T08:47:54+00:00","author":{"@id":"https:\/\/laudiobhi.eus\/es\/#\/schema\/person\/2e02d70cc6d87b96593919a1a30cfd48"},"breadcrumb":{"@id":"https:\/\/laudiobhi.eus\/es\/aiaraldeko-eskola-publikoa-bizirik\/#breadcrumb"},"inLanguage":"es","potentialAction":[{"@type":"ReadAction","target":["https:\/\/laudiobhi.eus\/es\/aiaraldeko-eskola-publikoa-bizirik\/"]}]},{"@type":"ImageObject","inLanguage":"es","@id":"https:\/\/laudiobhi.eus\/es\/aiaraldeko-eskola-publikoa-bizirik\/#primaryimage","url":"https:\/\/laudiobhi.eus\/wp-content\/uploads\/2023\/04\/MANIFESTAZIOAa.png","contentUrl":"https:\/\/laudiobhi.eus\/wp-content\/uploads\/2023\/04\/MANIFESTAZIOAa.png","width":300,"height":300},{"@type":"BreadcrumbList","@id":"https:\/\/laudiobhi.eus\/es\/aiaraldeko-eskola-publikoa-bizirik\/#breadcrumb","itemListElement":[{"@type":"ListItem","position":1,"name":"Home","item":"https:\/\/laudiobhi.eus\/es\/"},{"@type":"ListItem","position":2,"name":"Aiaraldeko Eskola Publikoa Bizirik"}]},{"@type":"WebSite","@id":"https:\/\/laudiobhi.eus\/es\/#website","url":"https:\/\/laudiobhi.eus\/es\/","name":"laudioinstitutua","description":"IES LAUDIO BHI \u00b7 Institutua","potentialAction":[{"@type":"SearchAction","target":{"@type":"EntryPoint","urlTemplate":"https:\/\/laudiobhi.eus\/es\/?s={search_term_string}"},"query-input":{"@type":"PropertyValueSpecification","valueRequired":true,"valueName":"search_term_string"}}],"inLanguage":"es"},{"@type":"Person","@id":"https:\/\/laudiobhi.eus\/es\/#\/schema\/person\/2e02d70cc6d87b96593919a1a30cfd48","name":"Aritza","image":{"@type":"ImageObject","inLanguage":"es","@id":"https:\/\/laudiobhi.eus\/es\/#\/schema\/person\/image\/","url":"https:\/\/secure.gravatar.com\/avatar\/41f64484d033391b7a3595dcef79858c3ee04a4f800e403fcb88602fb11410fd?s=96&d=mm&r=g","contentUrl":"https:\/\/secure.gravatar.com\/avatar\/41f64484d033391b7a3595dcef79858c3ee04a4f800e403fcb88602fb11410fd?s=96&d=mm&r=g","caption":"Aritza"}}]}},"_links":{"self":[{"href":"https:\/\/laudiobhi.eus\/es\/wp-json\/wp\/v2\/posts\/3911","targetHints":{"allow":["GET"]}}],"collection":[{"href":"https:\/\/laudiobhi.eus\/es\/wp-json\/wp\/v2\/posts"}],"about":[{"href":"https:\/\/laudiobhi.eus\/es\/wp-json\/wp\/v2\/types\/post"}],"author":[{"embeddable":true,"href":"https:\/\/laudiobhi.eus\/es\/wp-json\/wp\/v2\/users\/2"}],"replies":[{"embeddable":true,"href":"https:\/\/laudiobhi.eus\/es\/wp-json\/wp\/v2\/comments?post=3911"}],"version-history":[{"count":8,"href":"https:\/\/laudiobhi.eus\/es\/wp-json\/wp\/v2\/posts\/3911\/revisions"}],"predecessor-version":[{"id":3937,"href":"https:\/\/laudiobhi.eus\/es\/wp-json\/wp\/v2\/posts\/3911\/revisions\/3937"}],"wp:featuredmedia":[{"embeddable":true,"href":"https:\/\/laudiobhi.eus\/es\/wp-json\/wp\/v2\/media\/3915"}],"wp:attachment":[{"href":"https:\/\/laudiobhi.eus\/es\/wp-json\/wp\/v2\/media?parent=3911"}],"wp:term":[{"taxonomy":"category","embeddable":true,"href":"https:\/\/laudiobhi.eus\/es\/wp-json\/wp\/v2\/categories?post=3911"},{"taxonomy":"post_tag","embeddable":true,"href":"https:\/\/laudiobhi.eus\/es\/wp-json\/wp\/v2\/tags?post=3911"}],"curies":[{"name":"wp","href":"https:\/\/api.w.org\/{rel}","templated":true}]}}