{"id":3811,"date":"2023-04-02T19:11:48","date_gmt":"2023-04-02T17:11:48","guid":{"rendered":"https:\/\/laudiobhi.eus\/nuestros-alumnos-as-en-la-olimpiada-filosofica\/"},"modified":"2023-04-02T19:25:53","modified_gmt":"2023-04-02T17:25:53","slug":"nuestros-alumnos-as-en-la-olimpiada-filosofica","status":"publish","type":"post","link":"https:\/\/laudiobhi.eus\/es\/nuestros-alumnos-as-en-la-olimpiada-filosofica\/","title":{"rendered":"Nuestros alumnos\/as en la Olimpiada Filos\u00f3fica"},"content":{"rendered":"<p>[et_pb_section fb_built=\u00bb1&#8243; _builder_version=\u00bb4.20.2&#8243; _module_preset=\u00bbdefault\u00bb global_colors_info=\u00bb{}\u00bb][et_pb_row _builder_version=\u00bb4.20.2&#8243; _module_preset=\u00bbdefault\u00bb global_colors_info=\u00bb{}\u00bb][et_pb_column type=\u00bb4_4&#8243; _builder_version=\u00bb4.20.2&#8243; _module_preset=\u00bbdefault\u00bb global_colors_info=\u00bb{}\u00bb][et_pb_text _builder_version=\u00bb4.20.2&#8243; _module_preset=\u00bbdefault\u00bb hover_enabled=\u00bb0&#8243; global_colors_info=\u00bb{}\u00bb sticky_enabled=\u00bb0&#8243;]<\/p>\n<div>\n<h2>V. OLIMPIADA FILOS\u00d3FICA de EUSKADI<\/h2>\n<\/div>\n<p>[\/et_pb_text][\/et_pb_column][\/et_pb_row][et_pb_row column_structure=\u00bb1_2,1_2&#8243; _builder_version=\u00bb4.20.2&#8243; _module_preset=\u00bbdefault\u00bb global_colors_info=\u00bb{}\u00bb][et_pb_column type=\u00bb1_2&#8243; _builder_version=\u00bb4.20.2&#8243; _module_preset=\u00bbdefault\u00bb global_colors_info=\u00bb{}\u00bb][et_pb_image src=\u00bbhttps:\/\/laudiobhi.eus\/wp-content\/uploads\/2023\/04\/IMG-0008-scaled.jpg\u00bb title_text=\u00bbIMG-0008&#8243; _builder_version=\u00bb4.20.2&#8243; _module_preset=\u00bbdefault\u00bb global_colors_info=\u00bb{}\u00bb][\/et_pb_image][\/et_pb_column][et_pb_column type=\u00bb1_2&#8243; _builder_version=\u00bb4.20.2&#8243; _module_preset=\u00bbdefault\u00bb global_colors_info=\u00bb{}\u00bb][et_pb_text _builder_version=\u00bb4.20.2&#8243; _module_preset=\u00bbdefault\u00bb global_colors_info=\u00bb{}\u00bb]<\/p>\n<p><span id=\"tgt_sent_0\"><span class=\"interactive\">El<\/span>\u00a0<span class=\"interactive\">24<\/span>\u00a0<span class=\"interactive\">de<\/span>\u00a0<span class=\"interactive\">marzo<\/span>\u00a0<span class=\"interactive\">se<\/span>\u00a0<span class=\"interactive\">celebr\u00f3<\/span>\u00a0<span class=\"interactive\">en<\/span>\u00a0<span class=\"interactive\">la<\/span>\u00a0<span class=\"interactive\">Escuela<\/span>\u00a0<span class=\"interactive\">de<\/span>\u00a0<span class=\"interactive\">Armer\u00eda<\/span>\u00a0<span class=\"interactive\">de<\/span>\u00a0<span class=\"interactive\">Eibar<\/span>\u00a0<span class=\"interactive\">la<\/span>\u00a0<span class=\"interactive\">entrega<\/span>\u00a0<span class=\"interactive\">de<\/span>\u00a0<span class=\"interactive\">premios<\/span>\u00a0<span class=\"interactive\">de<\/span>\u00a0<span class=\"interactive\">la<\/span>\u00a0<span class=\"interactive\">V. Olimpiada de <\/span>\u00a0<span class=\"interactive\">Filosof\u00eda<\/span>\u00a0<span class=\"interactive\">de<\/span>\u00a0<span class=\"interactive\">Euskadi.<\/span><\/span>\u00a0<span id=\"tgt_sent_1\"><span class=\"interactive\">Como<\/span> <span class=\"interactive\">Laudio<\/span> BHI <span class=\"interactive\">ha<\/span>\u00a0<span class=\"interactive\">tenido<\/span>\u00a0<span class=\"interactive\">finalistas<\/span>\u00a0<span class=\"interactive\">en<\/span>\u00a0<span class=\"interactive\">todas<\/span>\u00a0<span class=\"interactive\">las<\/span>\u00a0<span class=\"interactive\">modalidades,<\/span>\u00a0<span class=\"interactive\">nos<\/span>\u00a0<span class=\"interactive\">acercamos<\/span>\u00a0<span class=\"interactive\">a<\/span>\u00a0<span class=\"interactive\">\u00e9l<\/span>\u00a0<span class=\"interactive\">para<\/span>\u00a0<span class=\"interactive\">reflexionar<\/span>\u00a0<span class=\"interactive\">sobre<\/span>\u00a0<span class=\"interactive\">las<\/span>\u00a0<span class=\"interactive\">Fronteras<\/span>\u00a0<span class=\"interactive\">y<\/span>\u00a0<span class=\"interactive\">la<\/span>\u00a0<span class=\"interactive\">Justicia<\/span>\u00a0<span class=\"interactive\">Global.<\/span><\/span>\u00a0<span id=\"tgt_sent_2\"><span class=\"interactive\">Algunos<\/span>\u00a0<span class=\"interactive\">de<\/span>\u00a0<span class=\"interactive\">nuestros<\/span>\u00a0<span class=\"interactive\">alumnos\/as<\/span>\u00a0<span class=\"interactive\">compitieron<\/span>\u00a0<span class=\"interactive\">defendiendo<\/span>\u00a0<span class=\"interactive\">sus<\/span>\u00a0<span class=\"interactive\">trabajos<\/span>\u00a0<span class=\"interactive\">ante<\/span>\u00a0<span class=\"interactive\">un<\/span>\u00a0<span class=\"interactive\">jurado<\/span>\u00a0<span class=\"interactive\">y<\/span>\u00a0<span class=\"interactive\">los<\/span>\u00a0<span class=\"interactive\">resultados<\/span>\u00a0<span class=\"interactive\">han<\/span>\u00a0<span class=\"interactive\">sido<\/span>\u00a0<span class=\"interactive\">excelentes<\/span><\/span><\/p>\n<p>[\/et_pb_text][\/et_pb_column][\/et_pb_row][et_pb_row _builder_version=\u00bb4.20.2&#8243; _module_preset=\u00bbdefault\u00bb global_colors_info=\u00bb{}\u00bb][et_pb_column type=\u00bb4_4&#8243; _builder_version=\u00bb4.20.2&#8243; _module_preset=\u00bbdefault\u00bb global_colors_info=\u00bb{}\u00bb][et_pb_divider _builder_version=\u00bb4.20.2&#8243; _module_preset=\u00bbdefault\u00bb global_colors_info=\u00bb{}\u00bb][\/et_pb_divider][et_pb_text _builder_version=\u00bb4.20.2&#8243; _module_preset=\u00bbdefault\u00bb global_colors_info=\u00bb{}\u00bb]<\/p>\n<h4>Alumnos\/as de LAUDIO BHI<\/h4>\n<p>[\/et_pb_text][et_pb_image src=\u00bbhttps:\/\/laudiobhi.eus\/wp-content\/uploads\/2023\/04\/IMG_20230324_104227-scaled.jpg\u00bb title_text=\u00bbIMG_20230324_104227&#8243; _builder_version=\u00bb4.20.2&#8243; _module_preset=\u00bbdefault\u00bb global_colors_info=\u00bb{}\u00bb][\/et_pb_image][et_pb_text _builder_version=\u00bb4.20.2&#8243; _module_preset=\u00bbdefault\u00bb global_colors_info=\u00bb{}\u00bb]<\/p>\n<ul>\n<li><span id=\"tgt_sent_0\"><span class=\"interactive\">En<\/span>\u00a0<span class=\"interactive\">el<\/span>\u00a0<span class=\"interactive\">dilema<\/span>\u00a0<span class=\"interactive\">moral,<\/span>\u00a0<span class=\"interactive\">Sakina<\/span>\u00a0<span class=\"interactive\">Abdelmadjid<\/span>\u00a0<span class=\"interactive\">de<\/span>\u00a0<span class=\"interactive\">3\u00ba<\/span>\u00a0<span class=\"interactive\">de<\/span>\u00a0<span class=\"interactive\">la<\/span>\u00a0<span class=\"interactive\">ESO<\/span>\u00a0<span class=\"interactive\">ha<\/span>\u00a0<span class=\"interactive\">conseguido<\/span>\u00a0<span class=\"interactive\">el<\/span>\u00a0<span class=\"interactive\">2\u00ba<\/span>\u00a0<span class=\"interactive\">puesto<\/span>\u00a0<span class=\"interactive\">y<\/span> <span class=\"interactive\">Patience<\/span>\u00a0<span class=\"interactive\">Idemudia<\/span>\u00a0<span class=\"interactive\">ha<\/span>\u00a0<span class=\"interactive\">resultado<\/span>\u00a0<span class=\"interactive\">ganadora.<\/span><\/span>\u00a0<span id=\"tgt_sent_1\"><span class=\"interactive\">Por<\/span>\u00a0<span class=\"interactive\">lo<\/span>\u00a0<span class=\"interactive\">tanto,<\/span>\u00a0<span class=\"interactive\">Patience<\/span>\u00a0<span class=\"interactive\">volver\u00e1<\/span>\u00a0<span class=\"interactive\">a<\/span>\u00a0<span class=\"interactive\">competir<\/span>\u00a0<span class=\"interactive\">por<\/span>\u00a0<span class=\"interactive\">Euskadi<\/span>\u00a0<span class=\"interactive\">en<\/span>\u00a0<span class=\"interactive\">la<\/span>\u00a0<span class=\"interactive\">final<\/span>\u00a0<span class=\"interactive\">estatal<\/span>\u00a0<span class=\"interactive\">que<\/span>\u00a0<span class=\"interactive\">se<\/span>\u00a0<span class=\"interactive\">celebrar\u00e1<\/span>\u00a0<span class=\"interactive\">el<\/span>\u00a0<span class=\"interactive\">28<\/span>\u00a0<span class=\"interactive\">de<\/span>\u00a0<span class=\"interactive\">abril<\/span>\u00a0<span class=\"interactive\">en<\/span>\u00a0<span class=\"interactive\">Adeja<\/span>\u00a0<span class=\"interactive\">(Tenerife).<\/span><\/span>\u00a0<span id=\"tgt_sent_2\"><span class=\"interactive\">Andere<\/span>\u00a0<span class=\"interactive\">Ram\u00edrez<\/span>\u00a0<span class=\"interactive\">y<\/span>\u00a0<span class=\"interactive\">Maider<\/span>\u00a0<span class=\"interactive\">Valle<\/span>\u00a0<span class=\"interactive\">han<\/span>\u00a0<span class=\"interactive\">sido<\/span>\u00a0<span class=\"interactive\">finalistas<\/span>\u00a0<span class=\"interactive\">de<\/span>\u00a0<span class=\"interactive\">la<\/span>\u00a0<span class=\"interactive\">m\u00e1xima<\/span>\u00a0<span class=\"interactive\">categor\u00eda<\/span>\u00a0<span class=\"interactive\">en<\/span>\u00a0<span class=\"interactive\">esta<\/span>\u00a0<span class=\"interactive\">modalidad.<\/span><\/span><\/li>\n<li><span id=\"tgt_sent_3\"><span class=\"interactive\">Maider<\/span>\u00a0<span class=\"interactive\">Valle,<\/span>\u00a0<span class=\"interactive\">de<\/span>\u00a0<span class=\"interactive\">3\u00ba<\/span>\u00a0<span class=\"interactive\">de<\/span>\u00a0<span class=\"interactive\">la<\/span>\u00a0<span class=\"interactive\">ESO,<\/span> adem\u00e1s de conseguir el 2\u00ba puesto en Fotograf\u00eda Filos\u00f3fica, <span class=\"interactive\">tambi\u00e9n<\/span>\u00a0<span class=\"interactive\">ha<\/span>\u00a0<span class=\"interactive\">sido<\/span>\u00a0<span class=\"interactive\">galardonada<\/span> con el premio Laratz <span class=\"interactive\">a<\/span>\u00a0<span class=\"interactive\">la<\/span>\u00a0<span class=\"interactive\">mejor<\/span>\u00a0<span class=\"interactive\">presentaci\u00f3n<\/span>\u00a0<span class=\"interactive\">en<\/span>\u00a0<span class=\"interactive\">euskera, otorgado <\/span><span class=\"interactive\">por<\/span>\u00a0<span class=\"interactive\">la<\/span>\u00a0<span class=\"interactive\">UEU<\/span><span class=\"interactive\">.<\/span><\/span><\/li>\n<li>Adem\u00e1s,\u00a0<span class=\"interactive\">Ekain<\/span>\u00a0<span class=\"interactive\">Aretxaga,<\/span>\u00a0<span class=\"interactive\">Oier<\/span>\u00a0<span class=\"interactive\">P\u00e9rez,<\/span>\u00a0<span class=\"interactive\">Oneka<\/span>\u00a0<span class=\"interactive\">Bergara<\/span>\u00a0<span class=\"interactive\">y<\/span>\u00a0<span class=\"interactive\">Nawal<\/span>\u00a0<span class=\"interactive\">Kadaoui<\/span>\u00a0<span class=\"interactive\">han<\/span>\u00a0<span class=\"interactive\">conseguido<\/span>\u00a0<span class=\"interactive\">los<\/span>\u00a0<span class=\"interactive\">puestos<\/span>\u00a0<span class=\"interactive\">de<\/span>\u00a0<span class=\"interactive\">finalistas<\/span>\u00a0<span class=\"interactive\">en<\/span>\u00a0<span class=\"interactive\">disertaci\u00f3n,<\/span>\u00a0<span class=\"interactive\">fotograf\u00eda<\/span>\u00a0<span class=\"interactive\">y<\/span>\u00a0<span class=\"interactive\">dibujo.<\/span><\/li>\n<\/ul>\n<p>[\/et_pb_text][\/et_pb_column][\/et_pb_row][et_pb_row column_structure=\u00bb1_2,1_2&#8243; _builder_version=\u00bb4.20.2&#8243; _module_preset=\u00bbdefault\u00bb global_colors_info=\u00bb{}\u00bb][et_pb_column type=\u00bb1_2&#8243; _builder_version=\u00bb4.20.2&#8243; _module_preset=\u00bbdefault\u00bb global_colors_info=\u00bb{}\u00bb][et_pb_image src=\u00bbhttps:\/\/laudiobhi.eus\/wp-content\/uploads\/2023\/04\/IMG_20230330_125007-1.jpg\u00bb title_text=\u00bbIMG_20230330_125007&#8243; _builder_version=\u00bb4.20.2&#8243; _module_preset=\u00bbdefault\u00bb global_colors_info=\u00bb{}\u00bb][\/et_pb_image][et_pb_image src=\u00bbhttps:\/\/laudiobhi.eus\/wp-content\/uploads\/2023\/04\/IMG_20230330_122804-1-1-scaled.jpg\u00bb title_text=\u00bbIMG_20230330_122804 (1) (1)\u00bb _builder_version=\u00bb4.20.2&#8243; _module_preset=\u00bbdefault\u00bb global_colors_info=\u00bb{}\u00bb][\/et_pb_image][\/et_pb_column][et_pb_column type=\u00bb1_2&#8243; _builder_version=\u00bb4.20.2&#8243; _module_preset=\u00bbdefault\u00bb global_colors_info=\u00bb{}\u00bb][et_pb_text _builder_version=\u00bb4.20.2&#8243; _module_preset=\u00bbdefault\u00bb global_colors_info=\u00bb{}\u00bb]<\/p>\n<p><span id=\"tgt_sent_0\"><span class=\"interactive\">A todo esto hay que a\u00f1adir que<\/span>\u00a0<span class=\"interactive\">Sakina,<\/span>\u00a0<span class=\"interactive\">Maider<\/span>\u00a0<span class=\"interactive\">y<\/span>\u00a0<span class=\"interactive\">Patience<\/span>\u00a0<span class=\"interactive\">acudieron<\/span>\u00a0<span class=\"interactive\">el<\/span>\u00a0<span class=\"interactive\">30<\/span>\u00a0<span class=\"interactive\">de<\/span>\u00a0<span class=\"interactive\">marzo<\/span>\u00a0<span class=\"interactive\">a<\/span>\u00a0<span class=\"interactive\">EITB<\/span>\u00a0<span class=\"interactive\">para<\/span>\u00a0<span class=\"interactive\">explicar<\/span>\u00a0<span class=\"interactive\">su<\/span>\u00a0<span class=\"interactive\">experiencia.<\/span><\/span> En el siguiente enlace ten\u00e9is la entrevista\u00a0 completa realizada en el programa\u00a0 <span id=\"tgt_sent_1\"><span class=\"interactive\">H\u00e1gase<\/span>\u00a0<span class=\"interactive\">la<\/span>\u00a0<span class=\"interactive\">Luz,<\/span>\u00a0<span class=\"interactive\">que<\/span>\u00a0<span class=\"interactive\">presenta<\/span>\u00a0<span class=\"interactive\">Goizalde<\/span>\u00a0<span class=\"interactive\">Landabaso<\/span><span class=\"interactive\">:<\/span><\/span><\/p>\n<p>[\/et_pb_text][et_pb_image src=\u00bbhttps:\/\/laudiobhi.eus\/wp-content\/uploads\/2023\/04\/Radio_Euskadi.png\u00bb title_text=\u00bbRadio_Euskadi\u00bb url=\u00bbhttps:\/\/www.eitb.eus\/es\/radio\/radio-euskadi\/programas\/hagase-la-luz\/detalle\/9159097\/en-radio-euskadi-hablamos-sobre-filosofia-con-naiara-gago-patience-idemudia-sakina-abdelmadjid-y-maider-valle\/\u00bb url_new_window=\u00bbon\u00bb _builder_version=\u00bb4.20.2&#8243; _module_preset=\u00bbdefault\u00bb width=\u00bb66%\u00bb global_colors_info=\u00bb{}\u00bb][\/et_pb_image][\/et_pb_column][\/et_pb_row][\/et_pb_section]<\/p>\n","protected":false},"excerpt":{"rendered":"<p>V. OLIMPIADA FILOS\u00d3FICA de EUSKADI El\u00a024\u00a0de\u00a0marzo\u00a0se\u00a0celebr\u00f3\u00a0en\u00a0la\u00a0Escuela\u00a0de\u00a0Armer\u00eda\u00a0de\u00a0Eibar\u00a0la\u00a0entrega\u00a0de\u00a0premios\u00a0de\u00a0la\u00a0V. Olimpiada de \u00a0Filosof\u00eda\u00a0de\u00a0Euskadi.\u00a0Como Laudio BHI ha\u00a0tenido\u00a0finalistas\u00a0en\u00a0todas\u00a0las\u00a0modalidades,\u00a0nos\u00a0acercamos\u00a0a\u00a0\u00e9l\u00a0para\u00a0reflexionar\u00a0sobre\u00a0las\u00a0Fronteras\u00a0y\u00a0la\u00a0Justicia\u00a0Global.\u00a0Algunos\u00a0de\u00a0nuestros\u00a0alumnos\/as\u00a0compitieron\u00a0defendiendo\u00a0sus\u00a0trabajos\u00a0ante\u00a0un\u00a0jurado\u00a0y\u00a0los\u00a0resultados\u00a0han\u00a0sido\u00a0excelentesAlumnos\/as de LAUDIO BHI En\u00a0el\u00a0dilema\u00a0moral,\u00a0Sakina\u00a0Abdelmadjid\u00a0de\u00a03\u00ba\u00a0de\u00a0la\u00a0ESO\u00a0ha\u00a0conseguido\u00a0el\u00a02\u00ba\u00a0puesto\u00a0y Patience\u00a0Idemudia\u00a0ha\u00a0resultado\u00a0ganadora.\u00a0Por\u00a0lo\u00a0tanto,\u00a0Patience\u00a0volver\u00e1\u00a0a\u00a0competir\u00a0por\u00a0Euskadi\u00a0en\u00a0la\u00a0final\u00a0estatal\u00a0que\u00a0se\u00a0celebrar\u00e1\u00a0el\u00a028\u00a0de\u00a0abril\u00a0en\u00a0Adeja\u00a0(Tenerife).\u00a0Andere\u00a0Ram\u00edrez\u00a0y\u00a0Maider\u00a0Valle\u00a0han\u00a0sido\u00a0finalistas\u00a0de\u00a0la\u00a0m\u00e1xima\u00a0categor\u00eda\u00a0en\u00a0esta\u00a0modalidad. Maider\u00a0Valle,\u00a0de\u00a03\u00ba\u00a0de\u00a0la\u00a0ESO, adem\u00e1s de conseguir el 2\u00ba puesto en Fotograf\u00eda Filos\u00f3fica, tambi\u00e9n\u00a0ha\u00a0sido\u00a0galardonada con el premio Laratz a\u00a0la\u00a0mejor\u00a0presentaci\u00f3n\u00a0en\u00a0euskera, otorgado por\u00a0la\u00a0UEU. Adem\u00e1s,\u00a0Ekain\u00a0Aretxaga,\u00a0Oier\u00a0P\u00e9rez,\u00a0Oneka\u00a0Bergara\u00a0y\u00a0Nawal\u00a0Kadaoui\u00a0han\u00a0conseguido\u00a0los\u00a0puestos\u00a0de\u00a0finalistas\u00a0en\u00a0disertaci\u00f3n,\u00a0fotograf\u00eda\u00a0y\u00a0dibujo. A todo esto hay que a\u00f1adir que\u00a0Sakina,\u00a0Maider\u00a0y\u00a0Patience\u00a0acudieron\u00a0el\u00a030\u00a0de\u00a0marzo\u00a0a\u00a0EITB\u00a0para\u00a0explicar\u00a0su\u00a0experiencia. En el siguiente enlace ten\u00e9is la entrevista\u00a0 completa realizada en el programa\u00a0 [&hellip;]<\/p>\n","protected":false},"author":2,"featured_media":3802,"comment_status":"closed","ping_status":"closed","sticky":false,"template":"","format":"standard","meta":{"_et_pb_use_builder":"on","_et_pb_old_content":"","_et_gb_content_width":"","footnotes":""},"categories":[6],"tags":[],"class_list":["post-3811","post","type-post","status-publish","format-standard","has-post-thumbnail","hentry","category-sin-categorizar","et-has-post-format-content","et_post_format-et-post-format-standard"],"yoast_head":"<!-- This site is optimized with the Yoast SEO plugin v27.1.1 - https:\/\/yoast.com\/product\/yoast-seo-wordpress\/ -->\n<title>Nuestros alumnos\/as en la Olimpiada Filos\u00f3fica | laudioinstitutua<\/title>\n<meta name=\"robots\" content=\"noindex, follow\" \/>\n<meta property=\"og:locale\" content=\"es_ES\" \/>\n<meta property=\"og:type\" content=\"article\" \/>\n<meta property=\"og:title\" content=\"Nuestros alumnos\/as en la Olimpiada Filos\u00f3fica | laudioinstitutua\" \/>\n<meta property=\"og:description\" content=\"V. OLIMPIADA FILOS\u00d3FICA de EUSKADI El\u00a024\u00a0de\u00a0marzo\u00a0se\u00a0celebr\u00f3\u00a0en\u00a0la\u00a0Escuela\u00a0de\u00a0Armer\u00eda\u00a0de\u00a0Eibar\u00a0la\u00a0entrega\u00a0de\u00a0premios\u00a0de\u00a0la\u00a0V. Olimpiada de \u00a0Filosof\u00eda\u00a0de\u00a0Euskadi.\u00a0Como Laudio BHI ha\u00a0tenido\u00a0finalistas\u00a0en\u00a0todas\u00a0las\u00a0modalidades,\u00a0nos\u00a0acercamos\u00a0a\u00a0\u00e9l\u00a0para\u00a0reflexionar\u00a0sobre\u00a0las\u00a0Fronteras\u00a0y\u00a0la\u00a0Justicia\u00a0Global.\u00a0Algunos\u00a0de\u00a0nuestros\u00a0alumnos\/as\u00a0compitieron\u00a0defendiendo\u00a0sus\u00a0trabajos\u00a0ante\u00a0un\u00a0jurado\u00a0y\u00a0los\u00a0resultados\u00a0han\u00a0sido\u00a0excelentesAlumnos\/as de LAUDIO BHI En\u00a0el\u00a0dilema\u00a0moral,\u00a0Sakina\u00a0Abdelmadjid\u00a0de\u00a03\u00ba\u00a0de\u00a0la\u00a0ESO\u00a0ha\u00a0conseguido\u00a0el\u00a02\u00ba\u00a0puesto\u00a0y Patience\u00a0Idemudia\u00a0ha\u00a0resultado\u00a0ganadora.\u00a0Por\u00a0lo\u00a0tanto,\u00a0Patience\u00a0volver\u00e1\u00a0a\u00a0competir\u00a0por\u00a0Euskadi\u00a0en\u00a0la\u00a0final\u00a0estatal\u00a0que\u00a0se\u00a0celebrar\u00e1\u00a0el\u00a028\u00a0de\u00a0abril\u00a0en\u00a0Adeja\u00a0(Tenerife).\u00a0Andere\u00a0Ram\u00edrez\u00a0y\u00a0Maider\u00a0Valle\u00a0han\u00a0sido\u00a0finalistas\u00a0de\u00a0la\u00a0m\u00e1xima\u00a0categor\u00eda\u00a0en\u00a0esta\u00a0modalidad. Maider\u00a0Valle,\u00a0de\u00a03\u00ba\u00a0de\u00a0la\u00a0ESO, adem\u00e1s de conseguir el 2\u00ba puesto en Fotograf\u00eda Filos\u00f3fica, tambi\u00e9n\u00a0ha\u00a0sido\u00a0galardonada con el premio Laratz a\u00a0la\u00a0mejor\u00a0presentaci\u00f3n\u00a0en\u00a0euskera, otorgado por\u00a0la\u00a0UEU. Adem\u00e1s,\u00a0Ekain\u00a0Aretxaga,\u00a0Oier\u00a0P\u00e9rez,\u00a0Oneka\u00a0Bergara\u00a0y\u00a0Nawal\u00a0Kadaoui\u00a0han\u00a0conseguido\u00a0los\u00a0puestos\u00a0de\u00a0finalistas\u00a0en\u00a0disertaci\u00f3n,\u00a0fotograf\u00eda\u00a0y\u00a0dibujo. A todo esto hay que a\u00f1adir que\u00a0Sakina,\u00a0Maider\u00a0y\u00a0Patience\u00a0acudieron\u00a0el\u00a030\u00a0de\u00a0marzo\u00a0a\u00a0EITB\u00a0para\u00a0explicar\u00a0su\u00a0experiencia. En el siguiente enlace ten\u00e9is la entrevista\u00a0 completa realizada en el programa\u00a0 [&hellip;]\" \/>\n<meta property=\"og:url\" content=\"https:\/\/laudiobhi.eus\/es\/nuestros-alumnos-as-en-la-olimpiada-filosofica\/\" \/>\n<meta property=\"og:site_name\" content=\"laudioinstitutua\" \/>\n<meta property=\"article:published_time\" content=\"2023-04-02T17:11:48+00:00\" \/>\n<meta property=\"article:modified_time\" content=\"2023-04-02T17:25:53+00:00\" \/>\n<meta property=\"og:image\" content=\"https:\/\/laudiobhi.eus\/wp-content\/uploads\/2023\/04\/FILOSOFI-A-Olinpiada-1.png\" \/>\n\t<meta property=\"og:image:width\" content=\"300\" \/>\n\t<meta property=\"og:image:height\" content=\"300\" \/>\n\t<meta property=\"og:image:type\" content=\"image\/png\" \/>\n<meta name=\"author\" content=\"Aritza\" \/>\n<meta name=\"twitter:card\" content=\"summary_large_image\" \/>\n<meta name=\"twitter:label1\" content=\"Escrito por\" \/>\n\t<meta name=\"twitter:data1\" content=\"Aritza\" \/>\n\t<meta name=\"twitter:label2\" content=\"Tiempo de lectura\" \/>\n\t<meta name=\"twitter:data2\" content=\"3 minutos\" \/>\n<script type=\"application\/ld+json\" class=\"yoast-schema-graph\">{\"@context\":\"https:\/\/schema.org\",\"@graph\":[{\"@type\":\"Article\",\"@id\":\"https:\/\/laudiobhi.eus\/es\/nuestros-alumnos-as-en-la-olimpiada-filosofica\/#article\",\"isPartOf\":{\"@id\":\"https:\/\/laudiobhi.eus\/es\/nuestros-alumnos-as-en-la-olimpiada-filosofica\/\"},\"author\":{\"name\":\"Aritza\",\"@id\":\"https:\/\/laudiobhi.eus\/es\/#\/schema\/person\/2e02d70cc6d87b96593919a1a30cfd48\"},\"headline\":\"Nuestros alumnos\/as en la Olimpiada Filos\u00f3fica\",\"datePublished\":\"2023-04-02T17:11:48+00:00\",\"dateModified\":\"2023-04-02T17:25:53+00:00\",\"mainEntityOfPage\":{\"@id\":\"https:\/\/laudiobhi.eus\/es\/nuestros-alumnos-as-en-la-olimpiada-filosofica\/\"},\"wordCount\":655,\"image\":{\"@id\":\"https:\/\/laudiobhi.eus\/es\/nuestros-alumnos-as-en-la-olimpiada-filosofica\/#primaryimage\"},\"thumbnailUrl\":\"https:\/\/laudiobhi.eus\/wp-content\/uploads\/2023\/04\/FILOSOFI-A-Olinpiada-1.png\",\"articleSection\":[\"Sin categorizar\"],\"inLanguage\":\"es\"},{\"@type\":\"WebPage\",\"@id\":\"https:\/\/laudiobhi.eus\/es\/nuestros-alumnos-as-en-la-olimpiada-filosofica\/\",\"url\":\"https:\/\/laudiobhi.eus\/es\/nuestros-alumnos-as-en-la-olimpiada-filosofica\/\",\"name\":\"Nuestros alumnos\/as en la Olimpiada Filos\u00f3fica | laudioinstitutua\",\"isPartOf\":{\"@id\":\"https:\/\/laudiobhi.eus\/es\/#website\"},\"primaryImageOfPage\":{\"@id\":\"https:\/\/laudiobhi.eus\/es\/nuestros-alumnos-as-en-la-olimpiada-filosofica\/#primaryimage\"},\"image\":{\"@id\":\"https:\/\/laudiobhi.eus\/es\/nuestros-alumnos-as-en-la-olimpiada-filosofica\/#primaryimage\"},\"thumbnailUrl\":\"https:\/\/laudiobhi.eus\/wp-content\/uploads\/2023\/04\/FILOSOFI-A-Olinpiada-1.png\",\"datePublished\":\"2023-04-02T17:11:48+00:00\",\"dateModified\":\"2023-04-02T17:25:53+00:00\",\"author\":{\"@id\":\"https:\/\/laudiobhi.eus\/es\/#\/schema\/person\/2e02d70cc6d87b96593919a1a30cfd48\"},\"breadcrumb\":{\"@id\":\"https:\/\/laudiobhi.eus\/es\/nuestros-alumnos-as-en-la-olimpiada-filosofica\/#breadcrumb\"},\"inLanguage\":\"es\",\"potentialAction\":[{\"@type\":\"ReadAction\",\"target\":[\"https:\/\/laudiobhi.eus\/es\/nuestros-alumnos-as-en-la-olimpiada-filosofica\/\"]}]},{\"@type\":\"ImageObject\",\"inLanguage\":\"es\",\"@id\":\"https:\/\/laudiobhi.eus\/es\/nuestros-alumnos-as-en-la-olimpiada-filosofica\/#primaryimage\",\"url\":\"https:\/\/laudiobhi.eus\/wp-content\/uploads\/2023\/04\/FILOSOFI-A-Olinpiada-1.png\",\"contentUrl\":\"https:\/\/laudiobhi.eus\/wp-content\/uploads\/2023\/04\/FILOSOFI-A-Olinpiada-1.png\",\"width\":300,\"height\":300},{\"@type\":\"BreadcrumbList\",\"@id\":\"https:\/\/laudiobhi.eus\/es\/nuestros-alumnos-as-en-la-olimpiada-filosofica\/#breadcrumb\",\"itemListElement\":[{\"@type\":\"ListItem\",\"position\":1,\"name\":\"Home\",\"item\":\"https:\/\/laudiobhi.eus\/es\/\"},{\"@type\":\"ListItem\",\"position\":2,\"name\":\"Nuestros alumnos\/as en la Olimpiada Filos\u00f3fica\"}]},{\"@type\":\"WebSite\",\"@id\":\"https:\/\/laudiobhi.eus\/es\/#website\",\"url\":\"https:\/\/laudiobhi.eus\/es\/\",\"name\":\"laudioinstitutua\",\"description\":\"IES LAUDIO BHI \u00b7 Institutua\",\"potentialAction\":[{\"@type\":\"SearchAction\",\"target\":{\"@type\":\"EntryPoint\",\"urlTemplate\":\"https:\/\/laudiobhi.eus\/es\/?s={search_term_string}\"},\"query-input\":{\"@type\":\"PropertyValueSpecification\",\"valueRequired\":true,\"valueName\":\"search_term_string\"}}],\"inLanguage\":\"es\"},{\"@type\":\"Person\",\"@id\":\"https:\/\/laudiobhi.eus\/es\/#\/schema\/person\/2e02d70cc6d87b96593919a1a30cfd48\",\"name\":\"Aritza\",\"image\":{\"@type\":\"ImageObject\",\"inLanguage\":\"es\",\"@id\":\"https:\/\/laudiobhi.eus\/es\/#\/schema\/person\/image\/\",\"url\":\"https:\/\/secure.gravatar.com\/avatar\/41f64484d033391b7a3595dcef79858c3ee04a4f800e403fcb88602fb11410fd?s=96&d=mm&r=g\",\"contentUrl\":\"https:\/\/secure.gravatar.com\/avatar\/41f64484d033391b7a3595dcef79858c3ee04a4f800e403fcb88602fb11410fd?s=96&d=mm&r=g\",\"caption\":\"Aritza\"}}]}<\/script>\n<!-- \/ Yoast SEO plugin. -->","yoast_head_json":{"title":"Nuestros alumnos\/as en la Olimpiada Filos\u00f3fica | laudioinstitutua","robots":{"index":"noindex","follow":"follow"},"og_locale":"es_ES","og_type":"article","og_title":"Nuestros alumnos\/as en la Olimpiada Filos\u00f3fica | laudioinstitutua","og_description":"V. OLIMPIADA FILOS\u00d3FICA de EUSKADI El\u00a024\u00a0de\u00a0marzo\u00a0se\u00a0celebr\u00f3\u00a0en\u00a0la\u00a0Escuela\u00a0de\u00a0Armer\u00eda\u00a0de\u00a0Eibar\u00a0la\u00a0entrega\u00a0de\u00a0premios\u00a0de\u00a0la\u00a0V. Olimpiada de \u00a0Filosof\u00eda\u00a0de\u00a0Euskadi.\u00a0Como Laudio BHI ha\u00a0tenido\u00a0finalistas\u00a0en\u00a0todas\u00a0las\u00a0modalidades,\u00a0nos\u00a0acercamos\u00a0a\u00a0\u00e9l\u00a0para\u00a0reflexionar\u00a0sobre\u00a0las\u00a0Fronteras\u00a0y\u00a0la\u00a0Justicia\u00a0Global.\u00a0Algunos\u00a0de\u00a0nuestros\u00a0alumnos\/as\u00a0compitieron\u00a0defendiendo\u00a0sus\u00a0trabajos\u00a0ante\u00a0un\u00a0jurado\u00a0y\u00a0los\u00a0resultados\u00a0han\u00a0sido\u00a0excelentesAlumnos\/as de LAUDIO BHI En\u00a0el\u00a0dilema\u00a0moral,\u00a0Sakina\u00a0Abdelmadjid\u00a0de\u00a03\u00ba\u00a0de\u00a0la\u00a0ESO\u00a0ha\u00a0conseguido\u00a0el\u00a02\u00ba\u00a0puesto\u00a0y Patience\u00a0Idemudia\u00a0ha\u00a0resultado\u00a0ganadora.\u00a0Por\u00a0lo\u00a0tanto,\u00a0Patience\u00a0volver\u00e1\u00a0a\u00a0competir\u00a0por\u00a0Euskadi\u00a0en\u00a0la\u00a0final\u00a0estatal\u00a0que\u00a0se\u00a0celebrar\u00e1\u00a0el\u00a028\u00a0de\u00a0abril\u00a0en\u00a0Adeja\u00a0(Tenerife).\u00a0Andere\u00a0Ram\u00edrez\u00a0y\u00a0Maider\u00a0Valle\u00a0han\u00a0sido\u00a0finalistas\u00a0de\u00a0la\u00a0m\u00e1xima\u00a0categor\u00eda\u00a0en\u00a0esta\u00a0modalidad. Maider\u00a0Valle,\u00a0de\u00a03\u00ba\u00a0de\u00a0la\u00a0ESO, adem\u00e1s de conseguir el 2\u00ba puesto en Fotograf\u00eda Filos\u00f3fica, tambi\u00e9n\u00a0ha\u00a0sido\u00a0galardonada con el premio Laratz a\u00a0la\u00a0mejor\u00a0presentaci\u00f3n\u00a0en\u00a0euskera, otorgado por\u00a0la\u00a0UEU. Adem\u00e1s,\u00a0Ekain\u00a0Aretxaga,\u00a0Oier\u00a0P\u00e9rez,\u00a0Oneka\u00a0Bergara\u00a0y\u00a0Nawal\u00a0Kadaoui\u00a0han\u00a0conseguido\u00a0los\u00a0puestos\u00a0de\u00a0finalistas\u00a0en\u00a0disertaci\u00f3n,\u00a0fotograf\u00eda\u00a0y\u00a0dibujo. A todo esto hay que a\u00f1adir que\u00a0Sakina,\u00a0Maider\u00a0y\u00a0Patience\u00a0acudieron\u00a0el\u00a030\u00a0de\u00a0marzo\u00a0a\u00a0EITB\u00a0para\u00a0explicar\u00a0su\u00a0experiencia. En el siguiente enlace ten\u00e9is la entrevista\u00a0 completa realizada en el programa\u00a0 [&hellip;]","og_url":"https:\/\/laudiobhi.eus\/es\/nuestros-alumnos-as-en-la-olimpiada-filosofica\/","og_site_name":"laudioinstitutua","article_published_time":"2023-04-02T17:11:48+00:00","article_modified_time":"2023-04-02T17:25:53+00:00","og_image":[{"width":300,"height":300,"url":"https:\/\/laudiobhi.eus\/wp-content\/uploads\/2023\/04\/FILOSOFI-A-Olinpiada-1.png","type":"image\/png"}],"author":"Aritza","twitter_card":"summary_large_image","twitter_misc":{"Escrito por":"Aritza","Tiempo de lectura":"3 minutos"},"schema":{"@context":"https:\/\/schema.org","@graph":[{"@type":"Article","@id":"https:\/\/laudiobhi.eus\/es\/nuestros-alumnos-as-en-la-olimpiada-filosofica\/#article","isPartOf":{"@id":"https:\/\/laudiobhi.eus\/es\/nuestros-alumnos-as-en-la-olimpiada-filosofica\/"},"author":{"name":"Aritza","@id":"https:\/\/laudiobhi.eus\/es\/#\/schema\/person\/2e02d70cc6d87b96593919a1a30cfd48"},"headline":"Nuestros alumnos\/as en la Olimpiada Filos\u00f3fica","datePublished":"2023-04-02T17:11:48+00:00","dateModified":"2023-04-02T17:25:53+00:00","mainEntityOfPage":{"@id":"https:\/\/laudiobhi.eus\/es\/nuestros-alumnos-as-en-la-olimpiada-filosofica\/"},"wordCount":655,"image":{"@id":"https:\/\/laudiobhi.eus\/es\/nuestros-alumnos-as-en-la-olimpiada-filosofica\/#primaryimage"},"thumbnailUrl":"https:\/\/laudiobhi.eus\/wp-content\/uploads\/2023\/04\/FILOSOFI-A-Olinpiada-1.png","articleSection":["Sin categorizar"],"inLanguage":"es"},{"@type":"WebPage","@id":"https:\/\/laudiobhi.eus\/es\/nuestros-alumnos-as-en-la-olimpiada-filosofica\/","url":"https:\/\/laudiobhi.eus\/es\/nuestros-alumnos-as-en-la-olimpiada-filosofica\/","name":"Nuestros alumnos\/as en la Olimpiada Filos\u00f3fica | laudioinstitutua","isPartOf":{"@id":"https:\/\/laudiobhi.eus\/es\/#website"},"primaryImageOfPage":{"@id":"https:\/\/laudiobhi.eus\/es\/nuestros-alumnos-as-en-la-olimpiada-filosofica\/#primaryimage"},"image":{"@id":"https:\/\/laudiobhi.eus\/es\/nuestros-alumnos-as-en-la-olimpiada-filosofica\/#primaryimage"},"thumbnailUrl":"https:\/\/laudiobhi.eus\/wp-content\/uploads\/2023\/04\/FILOSOFI-A-Olinpiada-1.png","datePublished":"2023-04-02T17:11:48+00:00","dateModified":"2023-04-02T17:25:53+00:00","author":{"@id":"https:\/\/laudiobhi.eus\/es\/#\/schema\/person\/2e02d70cc6d87b96593919a1a30cfd48"},"breadcrumb":{"@id":"https:\/\/laudiobhi.eus\/es\/nuestros-alumnos-as-en-la-olimpiada-filosofica\/#breadcrumb"},"inLanguage":"es","potentialAction":[{"@type":"ReadAction","target":["https:\/\/laudiobhi.eus\/es\/nuestros-alumnos-as-en-la-olimpiada-filosofica\/"]}]},{"@type":"ImageObject","inLanguage":"es","@id":"https:\/\/laudiobhi.eus\/es\/nuestros-alumnos-as-en-la-olimpiada-filosofica\/#primaryimage","url":"https:\/\/laudiobhi.eus\/wp-content\/uploads\/2023\/04\/FILOSOFI-A-Olinpiada-1.png","contentUrl":"https:\/\/laudiobhi.eus\/wp-content\/uploads\/2023\/04\/FILOSOFI-A-Olinpiada-1.png","width":300,"height":300},{"@type":"BreadcrumbList","@id":"https:\/\/laudiobhi.eus\/es\/nuestros-alumnos-as-en-la-olimpiada-filosofica\/#breadcrumb","itemListElement":[{"@type":"ListItem","position":1,"name":"Home","item":"https:\/\/laudiobhi.eus\/es\/"},{"@type":"ListItem","position":2,"name":"Nuestros alumnos\/as en la Olimpiada Filos\u00f3fica"}]},{"@type":"WebSite","@id":"https:\/\/laudiobhi.eus\/es\/#website","url":"https:\/\/laudiobhi.eus\/es\/","name":"laudioinstitutua","description":"IES LAUDIO BHI \u00b7 Institutua","potentialAction":[{"@type":"SearchAction","target":{"@type":"EntryPoint","urlTemplate":"https:\/\/laudiobhi.eus\/es\/?s={search_term_string}"},"query-input":{"@type":"PropertyValueSpecification","valueRequired":true,"valueName":"search_term_string"}}],"inLanguage":"es"},{"@type":"Person","@id":"https:\/\/laudiobhi.eus\/es\/#\/schema\/person\/2e02d70cc6d87b96593919a1a30cfd48","name":"Aritza","image":{"@type":"ImageObject","inLanguage":"es","@id":"https:\/\/laudiobhi.eus\/es\/#\/schema\/person\/image\/","url":"https:\/\/secure.gravatar.com\/avatar\/41f64484d033391b7a3595dcef79858c3ee04a4f800e403fcb88602fb11410fd?s=96&d=mm&r=g","contentUrl":"https:\/\/secure.gravatar.com\/avatar\/41f64484d033391b7a3595dcef79858c3ee04a4f800e403fcb88602fb11410fd?s=96&d=mm&r=g","caption":"Aritza"}}]}},"_links":{"self":[{"href":"https:\/\/laudiobhi.eus\/es\/wp-json\/wp\/v2\/posts\/3811","targetHints":{"allow":["GET"]}}],"collection":[{"href":"https:\/\/laudiobhi.eus\/es\/wp-json\/wp\/v2\/posts"}],"about":[{"href":"https:\/\/laudiobhi.eus\/es\/wp-json\/wp\/v2\/types\/post"}],"author":[{"embeddable":true,"href":"https:\/\/laudiobhi.eus\/es\/wp-json\/wp\/v2\/users\/2"}],"replies":[{"embeddable":true,"href":"https:\/\/laudiobhi.eus\/es\/wp-json\/wp\/v2\/comments?post=3811"}],"version-history":[{"count":7,"href":"https:\/\/laudiobhi.eus\/es\/wp-json\/wp\/v2\/posts\/3811\/revisions"}],"predecessor-version":[{"id":3821,"href":"https:\/\/laudiobhi.eus\/es\/wp-json\/wp\/v2\/posts\/3811\/revisions\/3821"}],"wp:featuredmedia":[{"embeddable":true,"href":"https:\/\/laudiobhi.eus\/es\/wp-json\/wp\/v2\/media\/3802"}],"wp:attachment":[{"href":"https:\/\/laudiobhi.eus\/es\/wp-json\/wp\/v2\/media?parent=3811"}],"wp:term":[{"taxonomy":"category","embeddable":true,"href":"https:\/\/laudiobhi.eus\/es\/wp-json\/wp\/v2\/categories?post=3811"},{"taxonomy":"post_tag","embeddable":true,"href":"https:\/\/laudiobhi.eus\/es\/wp-json\/wp\/v2\/tags?post=3811"}],"curies":[{"name":"wp","href":"https:\/\/api.w.org\/{rel}","templated":true}]}}