{"id":3592,"date":"2023-03-09T11:19:09","date_gmt":"2023-03-09T10:19:09","guid":{"rendered":"https:\/\/laudiobhi.eus\/?p=3592"},"modified":"2023-03-09T11:19:18","modified_gmt":"2023-03-09T10:19:18","slug":"para-los-que-quieran-inscribirse-en-el-bachillerato-artistico-jornada-de-puertas-abiertas-el-21-de-marzo-a-las-1700h","status":"publish","type":"post","link":"https:\/\/laudiobhi.eus\/es\/para-los-que-quieran-inscribirse-en-el-bachillerato-artistico-jornada-de-puertas-abiertas-el-21-de-marzo-a-las-1700h\/","title":{"rendered":"Para los que quieran inscribirse en el Bachillerato Art\u00edstico: Jornada de puertas abiertas el 21 de marzo a las 17:00h"},"content":{"rendered":"<p>[et_pb_section fb_built=\u00bb1&#8243; _builder_version=\u00bb4.16&#8243; global_colors_info=\u00bb{}\u00bb][et_pb_row column_structure=\u00bb1_2,1_2&#8243; _builder_version=\u00bb4.19.2&#8243; _module_preset=\u00bbdefault\u00bb global_colors_info=\u00bb{}\u00bb][et_pb_column type=\u00bb1_2&#8243; _builder_version=\u00bb4.19.2&#8243; _module_preset=\u00bbdefault\u00bb global_colors_info=\u00bb{}\u00bb][et_pb_blurb title=\u00bbINSCRIPCI\u00d3N: del 27 de marzo al 21 de abril\u00bb _builder_version=\u00bb4.20.0&#8243; _module_preset=\u00bbdefault\u00bb box_shadow_style=\u00bbpreset4&#8243; global_colors_info=\u00bb{}\u00bb][\/et_pb_blurb][et_pb_text _builder_version=\u00bb4.20.1&#8243; _module_preset=\u00bbdefault\u00bb text_font_size=\u00bb16px\u00bb animation_style=\u00bbslide\u00bb global_colors_info=\u00bb{}\u00bb]<\/p>\n<p><span lang=\"EU\">El plazo para la\u00a0prematr\u00edcula para cursar Bachillerato\u00a0el curso 23-24 en\u00a0IES Laudio BHI\u00a0comienza el 27 de marzo y finaliza el 21 de abril. Se puede realizar en la secretar\u00eda del centro o bien online a trav\u00e9s de la web del Departamento de Educaci\u00f3n del Gobierno Vasco (Ikasgunea).\u00a0El plazo de matriculaci\u00f3n ser\u00e1 del 19 de junio al 4 de julio.<\/span><\/p>\n<p><span lang=\"EU\">Este a\u00f1o realizaremos d\u00eda de puertas abiertas para bachillerato art\u00edstico, el d\u00eda 21 de marzo\u00a0 a las\u00a0 17:00.\u00a0<\/span>\n<\/p>\n<p>[\/et_pb_text][\/et_pb_column][et_pb_column type=\u00bb1_2&#8243; _builder_version=\u00bb4.19.2&#8243; _module_preset=\u00bbdefault\u00bb global_colors_info=\u00bb{}\u00bb][et_pb_image src=\u00bbhttps:\/\/laudiobhi.eus\/wp-content\/uploads\/2023\/03\/ARTISTIKOA-ate-irekiak_es.png\u00bb title_text=\u00bbARTISTIKOA ate irekiak_es\u00bb _builder_version=\u00bb4.20.1&#8243; _module_preset=\u00bbdefault\u00bb hover_enabled=\u00bb0&#8243; box_shadow_style=\u00bbpreset2&#8243; global_colors_info=\u00bb{}\u00bb sticky_enabled=\u00bb0&#8243;][\/et_pb_image][\/et_pb_column][\/et_pb_row][\/et_pb_section]<\/p>\n","protected":false},"excerpt":{"rendered":"<p>El plazo para la\u00a0prematr\u00edcula para cursar Bachillerato\u00a0el curso 23-24 en\u00a0IES Laudio BHI\u00a0comienza el 27 de marzo y finaliza el 21 de abril. Se puede realizar en la secretar\u00eda del centro o bien online a trav\u00e9s de la web del Departamento de Educaci\u00f3n del Gobierno Vasco (Ikasgunea).\u00a0El plazo de matriculaci\u00f3n ser\u00e1 del 19 de junio al [&hellip;]<\/p>\n","protected":false},"author":2,"featured_media":3622,"comment_status":"closed","ping_status":"closed","sticky":false,"template":"","format":"standard","meta":{"_et_pb_use_builder":"on","_et_pb_old_content":"","_et_gb_content_width":"","footnotes":""},"categories":[6],"tags":[],"class_list":["post-3592","post","type-post","status-publish","format-standard","has-post-thumbnail","hentry","category-sin-categorizar","et-has-post-format-content","et_post_format-et-post-format-standard"],"yoast_head":"<!-- This site is optimized with the Yoast SEO plugin v27.1.1 - https:\/\/yoast.com\/product\/yoast-seo-wordpress\/ -->\n<title>Para los que quieran inscribirse en el Bachillerato Art\u00edstico: Jornada de puertas abiertas el 21 de marzo a las 17:00h | laudioinstitutua<\/title>\n<meta name=\"robots\" content=\"noindex, follow\" \/>\n<meta property=\"og:locale\" content=\"es_ES\" \/>\n<meta property=\"og:type\" content=\"article\" \/>\n<meta property=\"og:title\" content=\"Para los que quieran inscribirse en el Bachillerato Art\u00edstico: Jornada de puertas abiertas el 21 de marzo a las 17:00h | laudioinstitutua\" \/>\n<meta property=\"og:description\" content=\"El plazo para la\u00a0prematr\u00edcula para cursar Bachillerato\u00a0el curso 23-24 en\u00a0IES Laudio BHI\u00a0comienza el 27 de marzo y finaliza el 21 de abril. Se puede realizar en la secretar\u00eda del centro o bien online a trav\u00e9s de la web del Departamento de Educaci\u00f3n del Gobierno Vasco (Ikasgunea).\u00a0El plazo de matriculaci\u00f3n ser\u00e1 del 19 de junio al [&hellip;]\" \/>\n<meta property=\"og:url\" content=\"https:\/\/laudiobhi.eus\/es\/para-los-que-quieran-inscribirse-en-el-bachillerato-artistico-jornada-de-puertas-abiertas-el-21-de-marzo-a-las-1700h\/\" \/>\n<meta property=\"og:site_name\" content=\"laudioinstitutua\" \/>\n<meta property=\"article:published_time\" content=\"2023-03-09T10:19:09+00:00\" \/>\n<meta property=\"article:modified_time\" content=\"2023-03-09T10:19:18+00:00\" \/>\n<meta property=\"og:image\" content=\"https:\/\/laudiobhi.eus\/wp-content\/uploads\/2023\/03\/ARTISTIKOA-ate-irekiak_es.png\" \/>\n\t<meta property=\"og:image:width\" content=\"400\" \/>\n\t<meta property=\"og:image:height\" content=\"400\" \/>\n\t<meta property=\"og:image:type\" content=\"image\/png\" \/>\n<meta name=\"author\" content=\"Aritza\" \/>\n<meta name=\"twitter:card\" content=\"summary_large_image\" \/>\n<meta name=\"twitter:label1\" content=\"Escrito por\" \/>\n\t<meta name=\"twitter:data1\" content=\"Aritza\" \/>\n\t<meta name=\"twitter:label2\" content=\"Tiempo de lectura\" \/>\n\t<meta name=\"twitter:data2\" content=\"1 minuto\" \/>\n<script type=\"application\/ld+json\" class=\"yoast-schema-graph\">{\"@context\":\"https:\/\/schema.org\",\"@graph\":[{\"@type\":\"Article\",\"@id\":\"https:\/\/laudiobhi.eus\/es\/para-los-que-quieran-inscribirse-en-el-bachillerato-artistico-jornada-de-puertas-abiertas-el-21-de-marzo-a-las-1700h\/#article\",\"isPartOf\":{\"@id\":\"https:\/\/laudiobhi.eus\/es\/para-los-que-quieran-inscribirse-en-el-bachillerato-artistico-jornada-de-puertas-abiertas-el-21-de-marzo-a-las-1700h\/\"},\"author\":{\"name\":\"Aritza\",\"@id\":\"https:\/\/laudiobhi.eus\/es\/#\/schema\/person\/2e02d70cc6d87b96593919a1a30cfd48\"},\"headline\":\"Para los que quieran inscribirse en el Bachillerato Art\u00edstico: Jornada de puertas abiertas el 21 de marzo a las 17:00h\",\"datePublished\":\"2023-03-09T10:19:09+00:00\",\"dateModified\":\"2023-03-09T10:19:18+00:00\",\"mainEntityOfPage\":{\"@id\":\"https:\/\/laudiobhi.eus\/es\/para-los-que-quieran-inscribirse-en-el-bachillerato-artistico-jornada-de-puertas-abiertas-el-21-de-marzo-a-las-1700h\/\"},\"wordCount\":248,\"image\":{\"@id\":\"https:\/\/laudiobhi.eus\/es\/para-los-que-quieran-inscribirse-en-el-bachillerato-artistico-jornada-de-puertas-abiertas-el-21-de-marzo-a-las-1700h\/#primaryimage\"},\"thumbnailUrl\":\"https:\/\/laudiobhi.eus\/wp-content\/uploads\/2023\/03\/ARTISTIKOA-ate-irekiak_es.png\",\"articleSection\":[\"Sin categorizar\"],\"inLanguage\":\"es\"},{\"@type\":\"WebPage\",\"@id\":\"https:\/\/laudiobhi.eus\/es\/para-los-que-quieran-inscribirse-en-el-bachillerato-artistico-jornada-de-puertas-abiertas-el-21-de-marzo-a-las-1700h\/\",\"url\":\"https:\/\/laudiobhi.eus\/es\/para-los-que-quieran-inscribirse-en-el-bachillerato-artistico-jornada-de-puertas-abiertas-el-21-de-marzo-a-las-1700h\/\",\"name\":\"Para los que quieran inscribirse en el Bachillerato Art\u00edstico: Jornada de puertas abiertas el 21 de marzo a las 17:00h | laudioinstitutua\",\"isPartOf\":{\"@id\":\"https:\/\/laudiobhi.eus\/es\/#website\"},\"primaryImageOfPage\":{\"@id\":\"https:\/\/laudiobhi.eus\/es\/para-los-que-quieran-inscribirse-en-el-bachillerato-artistico-jornada-de-puertas-abiertas-el-21-de-marzo-a-las-1700h\/#primaryimage\"},\"image\":{\"@id\":\"https:\/\/laudiobhi.eus\/es\/para-los-que-quieran-inscribirse-en-el-bachillerato-artistico-jornada-de-puertas-abiertas-el-21-de-marzo-a-las-1700h\/#primaryimage\"},\"thumbnailUrl\":\"https:\/\/laudiobhi.eus\/wp-content\/uploads\/2023\/03\/ARTISTIKOA-ate-irekiak_es.png\",\"datePublished\":\"2023-03-09T10:19:09+00:00\",\"dateModified\":\"2023-03-09T10:19:18+00:00\",\"author\":{\"@id\":\"https:\/\/laudiobhi.eus\/es\/#\/schema\/person\/2e02d70cc6d87b96593919a1a30cfd48\"},\"breadcrumb\":{\"@id\":\"https:\/\/laudiobhi.eus\/es\/para-los-que-quieran-inscribirse-en-el-bachillerato-artistico-jornada-de-puertas-abiertas-el-21-de-marzo-a-las-1700h\/#breadcrumb\"},\"inLanguage\":\"es\",\"potentialAction\":[{\"@type\":\"ReadAction\",\"target\":[\"https:\/\/laudiobhi.eus\/es\/para-los-que-quieran-inscribirse-en-el-bachillerato-artistico-jornada-de-puertas-abiertas-el-21-de-marzo-a-las-1700h\/\"]}]},{\"@type\":\"ImageObject\",\"inLanguage\":\"es\",\"@id\":\"https:\/\/laudiobhi.eus\/es\/para-los-que-quieran-inscribirse-en-el-bachillerato-artistico-jornada-de-puertas-abiertas-el-21-de-marzo-a-las-1700h\/#primaryimage\",\"url\":\"https:\/\/laudiobhi.eus\/wp-content\/uploads\/2023\/03\/ARTISTIKOA-ate-irekiak_es.png\",\"contentUrl\":\"https:\/\/laudiobhi.eus\/wp-content\/uploads\/2023\/03\/ARTISTIKOA-ate-irekiak_es.png\",\"width\":400,\"height\":400},{\"@type\":\"BreadcrumbList\",\"@id\":\"https:\/\/laudiobhi.eus\/es\/para-los-que-quieran-inscribirse-en-el-bachillerato-artistico-jornada-de-puertas-abiertas-el-21-de-marzo-a-las-1700h\/#breadcrumb\",\"itemListElement\":[{\"@type\":\"ListItem\",\"position\":1,\"name\":\"Home\",\"item\":\"https:\/\/laudiobhi.eus\/es\/\"},{\"@type\":\"ListItem\",\"position\":2,\"name\":\"Para los que quieran inscribirse en el Bachillerato Art\u00edstico: Jornada de puertas abiertas el 21 de marzo a las 17:00h\"}]},{\"@type\":\"WebSite\",\"@id\":\"https:\/\/laudiobhi.eus\/es\/#website\",\"url\":\"https:\/\/laudiobhi.eus\/es\/\",\"name\":\"laudioinstitutua\",\"description\":\"IES LAUDIO BHI \u00b7 Institutua\",\"potentialAction\":[{\"@type\":\"SearchAction\",\"target\":{\"@type\":\"EntryPoint\",\"urlTemplate\":\"https:\/\/laudiobhi.eus\/es\/?s={search_term_string}\"},\"query-input\":{\"@type\":\"PropertyValueSpecification\",\"valueRequired\":true,\"valueName\":\"search_term_string\"}}],\"inLanguage\":\"es\"},{\"@type\":\"Person\",\"@id\":\"https:\/\/laudiobhi.eus\/es\/#\/schema\/person\/2e02d70cc6d87b96593919a1a30cfd48\",\"name\":\"Aritza\",\"image\":{\"@type\":\"ImageObject\",\"inLanguage\":\"es\",\"@id\":\"https:\/\/laudiobhi.eus\/es\/#\/schema\/person\/image\/\",\"url\":\"https:\/\/secure.gravatar.com\/avatar\/41f64484d033391b7a3595dcef79858c3ee04a4f800e403fcb88602fb11410fd?s=96&d=mm&r=g\",\"contentUrl\":\"https:\/\/secure.gravatar.com\/avatar\/41f64484d033391b7a3595dcef79858c3ee04a4f800e403fcb88602fb11410fd?s=96&d=mm&r=g\",\"caption\":\"Aritza\"}}]}<\/script>\n<!-- \/ Yoast SEO plugin. -->","yoast_head_json":{"title":"Para los que quieran inscribirse en el Bachillerato Art\u00edstico: Jornada de puertas abiertas el 21 de marzo a las 17:00h | laudioinstitutua","robots":{"index":"noindex","follow":"follow"},"og_locale":"es_ES","og_type":"article","og_title":"Para los que quieran inscribirse en el Bachillerato Art\u00edstico: Jornada de puertas abiertas el 21 de marzo a las 17:00h | laudioinstitutua","og_description":"El plazo para la\u00a0prematr\u00edcula para cursar Bachillerato\u00a0el curso 23-24 en\u00a0IES Laudio BHI\u00a0comienza el 27 de marzo y finaliza el 21 de abril. Se puede realizar en la secretar\u00eda del centro o bien online a trav\u00e9s de la web del Departamento de Educaci\u00f3n del Gobierno Vasco (Ikasgunea).\u00a0El plazo de matriculaci\u00f3n ser\u00e1 del 19 de junio al [&hellip;]","og_url":"https:\/\/laudiobhi.eus\/es\/para-los-que-quieran-inscribirse-en-el-bachillerato-artistico-jornada-de-puertas-abiertas-el-21-de-marzo-a-las-1700h\/","og_site_name":"laudioinstitutua","article_published_time":"2023-03-09T10:19:09+00:00","article_modified_time":"2023-03-09T10:19:18+00:00","og_image":[{"width":400,"height":400,"url":"https:\/\/laudiobhi.eus\/wp-content\/uploads\/2023\/03\/ARTISTIKOA-ate-irekiak_es.png","type":"image\/png"}],"author":"Aritza","twitter_card":"summary_large_image","twitter_misc":{"Escrito por":"Aritza","Tiempo de lectura":"1 minuto"},"schema":{"@context":"https:\/\/schema.org","@graph":[{"@type":"Article","@id":"https:\/\/laudiobhi.eus\/es\/para-los-que-quieran-inscribirse-en-el-bachillerato-artistico-jornada-de-puertas-abiertas-el-21-de-marzo-a-las-1700h\/#article","isPartOf":{"@id":"https:\/\/laudiobhi.eus\/es\/para-los-que-quieran-inscribirse-en-el-bachillerato-artistico-jornada-de-puertas-abiertas-el-21-de-marzo-a-las-1700h\/"},"author":{"name":"Aritza","@id":"https:\/\/laudiobhi.eus\/es\/#\/schema\/person\/2e02d70cc6d87b96593919a1a30cfd48"},"headline":"Para los que quieran inscribirse en el Bachillerato Art\u00edstico: Jornada de puertas abiertas el 21 de marzo a las 17:00h","datePublished":"2023-03-09T10:19:09+00:00","dateModified":"2023-03-09T10:19:18+00:00","mainEntityOfPage":{"@id":"https:\/\/laudiobhi.eus\/es\/para-los-que-quieran-inscribirse-en-el-bachillerato-artistico-jornada-de-puertas-abiertas-el-21-de-marzo-a-las-1700h\/"},"wordCount":248,"image":{"@id":"https:\/\/laudiobhi.eus\/es\/para-los-que-quieran-inscribirse-en-el-bachillerato-artistico-jornada-de-puertas-abiertas-el-21-de-marzo-a-las-1700h\/#primaryimage"},"thumbnailUrl":"https:\/\/laudiobhi.eus\/wp-content\/uploads\/2023\/03\/ARTISTIKOA-ate-irekiak_es.png","articleSection":["Sin categorizar"],"inLanguage":"es"},{"@type":"WebPage","@id":"https:\/\/laudiobhi.eus\/es\/para-los-que-quieran-inscribirse-en-el-bachillerato-artistico-jornada-de-puertas-abiertas-el-21-de-marzo-a-las-1700h\/","url":"https:\/\/laudiobhi.eus\/es\/para-los-que-quieran-inscribirse-en-el-bachillerato-artistico-jornada-de-puertas-abiertas-el-21-de-marzo-a-las-1700h\/","name":"Para los que quieran inscribirse en el Bachillerato Art\u00edstico: Jornada de puertas abiertas el 21 de marzo a las 17:00h | laudioinstitutua","isPartOf":{"@id":"https:\/\/laudiobhi.eus\/es\/#website"},"primaryImageOfPage":{"@id":"https:\/\/laudiobhi.eus\/es\/para-los-que-quieran-inscribirse-en-el-bachillerato-artistico-jornada-de-puertas-abiertas-el-21-de-marzo-a-las-1700h\/#primaryimage"},"image":{"@id":"https:\/\/laudiobhi.eus\/es\/para-los-que-quieran-inscribirse-en-el-bachillerato-artistico-jornada-de-puertas-abiertas-el-21-de-marzo-a-las-1700h\/#primaryimage"},"thumbnailUrl":"https:\/\/laudiobhi.eus\/wp-content\/uploads\/2023\/03\/ARTISTIKOA-ate-irekiak_es.png","datePublished":"2023-03-09T10:19:09+00:00","dateModified":"2023-03-09T10:19:18+00:00","author":{"@id":"https:\/\/laudiobhi.eus\/es\/#\/schema\/person\/2e02d70cc6d87b96593919a1a30cfd48"},"breadcrumb":{"@id":"https:\/\/laudiobhi.eus\/es\/para-los-que-quieran-inscribirse-en-el-bachillerato-artistico-jornada-de-puertas-abiertas-el-21-de-marzo-a-las-1700h\/#breadcrumb"},"inLanguage":"es","potentialAction":[{"@type":"ReadAction","target":["https:\/\/laudiobhi.eus\/es\/para-los-que-quieran-inscribirse-en-el-bachillerato-artistico-jornada-de-puertas-abiertas-el-21-de-marzo-a-las-1700h\/"]}]},{"@type":"ImageObject","inLanguage":"es","@id":"https:\/\/laudiobhi.eus\/es\/para-los-que-quieran-inscribirse-en-el-bachillerato-artistico-jornada-de-puertas-abiertas-el-21-de-marzo-a-las-1700h\/#primaryimage","url":"https:\/\/laudiobhi.eus\/wp-content\/uploads\/2023\/03\/ARTISTIKOA-ate-irekiak_es.png","contentUrl":"https:\/\/laudiobhi.eus\/wp-content\/uploads\/2023\/03\/ARTISTIKOA-ate-irekiak_es.png","width":400,"height":400},{"@type":"BreadcrumbList","@id":"https:\/\/laudiobhi.eus\/es\/para-los-que-quieran-inscribirse-en-el-bachillerato-artistico-jornada-de-puertas-abiertas-el-21-de-marzo-a-las-1700h\/#breadcrumb","itemListElement":[{"@type":"ListItem","position":1,"name":"Home","item":"https:\/\/laudiobhi.eus\/es\/"},{"@type":"ListItem","position":2,"name":"Para los que quieran inscribirse en el Bachillerato Art\u00edstico: Jornada de puertas abiertas el 21 de marzo a las 17:00h"}]},{"@type":"WebSite","@id":"https:\/\/laudiobhi.eus\/es\/#website","url":"https:\/\/laudiobhi.eus\/es\/","name":"laudioinstitutua","description":"IES LAUDIO BHI \u00b7 Institutua","potentialAction":[{"@type":"SearchAction","target":{"@type":"EntryPoint","urlTemplate":"https:\/\/laudiobhi.eus\/es\/?s={search_term_string}"},"query-input":{"@type":"PropertyValueSpecification","valueRequired":true,"valueName":"search_term_string"}}],"inLanguage":"es"},{"@type":"Person","@id":"https:\/\/laudiobhi.eus\/es\/#\/schema\/person\/2e02d70cc6d87b96593919a1a30cfd48","name":"Aritza","image":{"@type":"ImageObject","inLanguage":"es","@id":"https:\/\/laudiobhi.eus\/es\/#\/schema\/person\/image\/","url":"https:\/\/secure.gravatar.com\/avatar\/41f64484d033391b7a3595dcef79858c3ee04a4f800e403fcb88602fb11410fd?s=96&d=mm&r=g","contentUrl":"https:\/\/secure.gravatar.com\/avatar\/41f64484d033391b7a3595dcef79858c3ee04a4f800e403fcb88602fb11410fd?s=96&d=mm&r=g","caption":"Aritza"}}]}},"_links":{"self":[{"href":"https:\/\/laudiobhi.eus\/es\/wp-json\/wp\/v2\/posts\/3592","targetHints":{"allow":["GET"]}}],"collection":[{"href":"https:\/\/laudiobhi.eus\/es\/wp-json\/wp\/v2\/posts"}],"about":[{"href":"https:\/\/laudiobhi.eus\/es\/wp-json\/wp\/v2\/types\/post"}],"author":[{"embeddable":true,"href":"https:\/\/laudiobhi.eus\/es\/wp-json\/wp\/v2\/users\/2"}],"replies":[{"embeddable":true,"href":"https:\/\/laudiobhi.eus\/es\/wp-json\/wp\/v2\/comments?post=3592"}],"version-history":[{"count":12,"href":"https:\/\/laudiobhi.eus\/es\/wp-json\/wp\/v2\/posts\/3592\/revisions"}],"predecessor-version":[{"id":3629,"href":"https:\/\/laudiobhi.eus\/es\/wp-json\/wp\/v2\/posts\/3592\/revisions\/3629"}],"wp:featuredmedia":[{"embeddable":true,"href":"https:\/\/laudiobhi.eus\/es\/wp-json\/wp\/v2\/media\/3622"}],"wp:attachment":[{"href":"https:\/\/laudiobhi.eus\/es\/wp-json\/wp\/v2\/media?parent=3592"}],"wp:term":[{"taxonomy":"category","embeddable":true,"href":"https:\/\/laudiobhi.eus\/es\/wp-json\/wp\/v2\/categories?post=3592"},{"taxonomy":"post_tag","embeddable":true,"href":"https:\/\/laudiobhi.eus\/es\/wp-json\/wp\/v2\/tags?post=3592"}],"curies":[{"name":"wp","href":"https:\/\/api.w.org\/{rel}","templated":true}]}}