{"id":2624,"date":"2022-11-02T22:44:01","date_gmt":"2022-11-02T21:44:01","guid":{"rendered":"https:\/\/laudiobhi.eus\/elecciones-para-el-omr-candidatos\/"},"modified":"2022-11-23T13:43:46","modified_gmt":"2022-11-23T12:43:46","slug":"elecciones-para-el-omr-candidatos","status":"publish","type":"post","link":"https:\/\/laudiobhi.eus\/es\/elecciones-para-el-omr-candidatos\/","title":{"rendered":"ELECCIONES para el OMR. SEGUIMIENTO DEL PROCESO."},"content":{"rendered":"<p>[et_pb_section fb_built=\u00bb1&#8243; _builder_version=\u00bb4.16&#8243; _module_preset=\u00bbdefault\u00bb global_colors_info=\u00bb{}\u00bb][et_pb_row _builder_version=\u00bb4.17.6&#8243; _module_preset=\u00bbdefault\u00bb global_colors_info=\u00bb{}\u00bb][et_pb_column type=\u00bb4_4&#8243; _builder_version=\u00bb4.16&#8243; _module_preset=\u00bbdefault\u00bb global_colors_info=\u00bb{}\u00bb][et_pb_accordion _builder_version=\u00bb4.19.0&#8243; _module_preset=\u00bbdefault\u00bb hover_enabled=\u00bb0&#8243; global_colors_info=\u00bb{}\u00bb sticky_enabled=\u00bb0&#8243;][et_pb_accordion_item title=\u00bbPUBLICACI\u00d3N RESULTADOS VOTACIONES\u00bb open=\u00bbon\u00bb _builder_version=\u00bb4.19.0&#8243; _module_preset=\u00bbdefault\u00bb hover_enabled=\u00bb0&#8243; global_colors_info=\u00bb{}\u00bb sticky_enabled=\u00bb0&#8243;]<\/p>\n<p>Estos son los miembros del OMR elegidos tras las elecciones. Se podr\u00e1n presentar reclamaciones contra estos resultados hasta el 22 de noviembre.<\/p>\n<table style=\"border-collapse: collapse; width: 100%;\" border=\"1\">\n<tbody>\n<tr>\n<td style=\"width: 33.3333%;\"><a href='https:\/\/laudiobhi.eus\/wp-content\/uploads\/2022\/11\/OOGRAKO-EMAITZAK-FAMILIAK-2022.pdf' class='small-button smallblue' target=\"_blank\">FAMILIAS<\/a><\/td>\n<td style=\"width: 33.3333%;\"><a href='https:\/\/laudiobhi.eus\/wp-content\/uploads\/2022\/11\/OOGRAKO-EMAITZAK-IKASLEAK-2022.pdf' class='small-button smallsilver' target=\"_blank\">ALUMNADO<\/a><\/td>\n<td style=\"width: 33.3333%;\"><a href='https:\/\/laudiobhi.eus\/wp-content\/uploads\/2022\/11\/OOGRAKO-EMAITZAK-IRAKASLEAK-2022.pdf' class='small-button smallgreen' target=\"_blank\">PROFESORADO<\/a><\/td>\n<\/tr>\n<\/tbody>\n<\/table>\n<p>&nbsp;<\/p>\n<p>[\/et_pb_accordion_item][et_pb_accordion_item title=\u00bbVOTACI\u00d3N FAMILIAS\u00bb _builder_version=\u00bb4.19.0&#8243; _module_preset=\u00bbdefault\u00bb global_colors_info=\u00bb{}\u00bb open=\u00bboff\u00bb]<\/p>\n<p>El pr\u00f3ximo mi\u00e9rcoles, <strong>16 DE NOVIEMBRE, celebraremos las ELECCIONES PARA RENOVAR EL \u00d3RGANO M\u00c1XIMO DE REPRESENTACI\u00d3N<\/strong> (\u201cConsejo Escolar\u201d). El voto es individual y pod\u00e9is ejercerlo de dos maneras:<\/p>\n<ol>\n<li><strong>VINIENDO AL CENTRO: ese d\u00eda de 10:00 a 12:00 y de 16:00 a 19:00.<\/strong><\/li>\n<li><strong>VOTO POR CORREO<\/strong>: hasta el 15 de noviembre. En un sobre cerrado dirigido al presidente de la Junta Electoral ten\u00e9is que entregar:\n<ul>\n<li><strong>Escrito firmado de solicitud de uso del derecho de voto por correo (lo ten\u00e9is en un archivo).<a href=\"https:\/\/laudiobhi.eus\/wp-content\/uploads\/2022\/11\/Posta-bidezko-botoa-2022.pdf\"><a href='https:\/\/laudiobhi.eus\/wp-content\/uploads\/2022\/11\/Posta-bidezko-botoa-2022.pdf' class='small-button smallblue' target=\"_blank\">Archivo aqu\u00ed<\/a><\/a><\/strong><\/li>\n<li><strong>Fotocopia del carnet.<\/strong><\/li>\n<li><strong>Papeleta con vuestro voto (lo ten\u00e9is en un archivo).<a href='https:\/\/laudiobhi.eus\/wp-content\/uploads\/2022\/11\/OOGRAKO-HAUTAGAIAK-FAMILIAK-2022.pdf' class='small-button smallblue' target=\"_blank\">Archivo aqu\u00ed<\/a>\u00a0\u00a0<\/strong><\/li>\n<\/ul>\n<\/li>\n<\/ol>\n<p>Cuestiones atener en cuenta:<\/p>\n<ul>\n<li>REPRESENTANTES QUE TEN\u00c9IS LAS FAMILIAS: <strong>8<\/strong><\/li>\n<li>PUESTOS A RENOVAR: <strong>4<\/strong><\/li>\n<li>CANDIDATAS: <strong>14<\/strong><\/li>\n<li>M\u00c1XIMO N\u00daMERO DE NOMBRES A MARCAR: <strong>2<\/strong><\/li>\n<\/ul>\n<p>Os queremos animar a que particip\u00e9is en la votaci\u00f3n.<\/p>\n<p>&nbsp;<\/p>\n<p>[\/et_pb_accordion_item][et_pb_accordion_item title=\u00bbLISTAS DEFINITIVAS DE CANDIDATOS\u00bb _builder_version=\u00bb4.19.0&#8243; _module_preset=\u00bbdefault\u00bb global_colors_info=\u00bb{}\u00bb open=\u00bboff\u00bb]<\/p>\n<p>Finalizado el plazo de reclamaciones, las listas definitivas quedan como sigue.<\/p>\n<p>&nbsp;<\/p>\n<table style=\"border-collapse: collapse; width: 100%;\" border=\"1\">\n<tbody>\n<tr>\n<td style=\"width: 31.6779%; background-color: #f2ebeb;\">ALUMNOS\/AS<\/td>\n<td style=\"width: 34.9887%; background-color: #e9f7ef;\">PROFESORES\/AS<\/td>\n<td style=\"width: 33.3333%; background-color: #e5e8a7;\">FAMILIAS<\/td>\n<\/tr>\n<tr>\n<td style=\"width: 31.6779%; background-color: #f2ebeb;\">\n<ul>\n<li>Nora Aldekoa Garaio BATX 1C<\/li>\n<li>Naike \u00c1lvarez Barbara 2 D<\/li>\n<li>Malen Aranburu Garc\u00eda 1 A<\/li>\n<li>Iker Azpeitia Esquisabel 2 B<\/li>\n<li>Sua Basaldua Valdelvira 2 D<\/li>\n<li>Eder Bengoa Pineda 2 B<\/li>\n<li>Nahia Camacho Mu\u00f1oz 2 D<\/li>\n<li>Adri\u00e1n Fad\u00f3n Oliveira 2 C<\/li>\n<li>Udiarraga Garc\u00eda Gastaka 2 C<\/li>\n<li>Patience Idemudia Osamwonyi 3B<\/li>\n<li>Ayman Idrissi Koulali 1 B<\/li>\n<li>Hadjar Kouhub Kara Mostefa 2 C<\/li>\n<li>Oier Lasa Gregorio 3 E<\/li>\n<li>Gaizka Mosteiro Feter 2 C<\/li>\n<li>Mikelats Otzerinjauregi Parra 2 D<\/li>\n<li>Uxue Palacios Pereiro 4 B<\/li>\n<li>Gorka Ruiz Larrazabal 4 C<\/li>\n<li>Gari Salazar S\u00e1nchez 2 E<\/li>\n<li>Eider Vera Aguirre 1 A<\/li>\n<\/ul>\n<\/td>\n<td style=\"width: 34.9887%; vertical-align: top; background-color: #e9f7ef;\">\n<ul>\n<li>Sonia Abecia S\u00e1ez<\/li>\n<li>Amaia Elortegi Elortegi<\/li>\n<li>Naiara Gago Povedano<\/li>\n<li>Mar\u00eda Elena Gal\u00edndez Ugarte<\/li>\n<li>Leire Gonz\u00e1lez de Tejada P\u00e9rez<\/li>\n<li>Itziar Lecanda Garc\u00eda<\/li>\n<li>Aitor San Jos\u00e9 Zaballa<\/li>\n<li>Eneko Txopeitia Saralegi<\/li>\n<\/ul>\n<\/td>\n<td style=\"width: 33.3333%; vertical-align: top; background-color: #e5e8a7;\">\n<ul>\n<li>Pilar Aldeiturriaga Tecedor<\/li>\n<li>Maider Arana Laburu<\/li>\n<li>Nerea Berrocal Zorrilla<\/li>\n<li>Libe Corada Morales<\/li>\n<li>Beatriz Fern\u00e1ndez Mac\u00edas<\/li>\n<li>Mar\u00eda Jos\u00e9 Fern\u00e1ndez Mellado<\/li>\n<li>Marta Garmilla Iglesias<\/li>\n<li>Kaouthar Hamdan<\/li>\n<li>Mar\u00eda Bego\u00f1a Jim\u00e9nez Barandiaran<\/li>\n<li>Miren Josune Rodr\u00edguez Montaos<\/li>\n<li>Sof\u00eda Trueba Sola<\/li>\n<li>Estibaliz Urquijo Azc\u00e1rate<\/li>\n<li>Jaione Valdelvira Lape\u00f1a<\/li>\n<li>Yone Alazne Vaz Illana<\/li>\n<\/ul>\n<\/td>\n<\/tr>\n<\/tbody>\n<\/table>\n<p>[\/et_pb_accordion_item][et_pb_accordion_item title=\u00bbCANDIDATOS. Estos son los candidatos que se han presentado.\u00bb _builder_version=\u00bb4.18.0&#8243; _module_preset=\u00bbdefault\u00bb global_colors_info=\u00bb{}\u00bb open=\u00bboff\u00bb]<\/p>\n<p>El plazo para presentar una reclamaci\u00f3n a estas listas ser\u00e1 del 2 al 4 de noviembre.<\/p>\n<p>&nbsp;<\/p>\n<table style=\"border-collapse: collapse; width: 100%;\" border=\"1\">\n<tbody>\n<tr>\n<td style=\"width: 31.6779%; background-color: #d7dbdd;\">ALUMNOS\/AS<\/td>\n<td style=\"width: 34.9887%; background-color: #e9f7ef;\">PROFESORES\/AS<\/td>\n<td style=\"width: 33.3333%; background-color: #e5e8a7;\">FAMILIAS<\/td>\n<\/tr>\n<tr>\n<td style=\"width: 31.6779%; background-color: #d7dbdd;\">\n<ul>\n<li>Naike \u00c1lvarez Barbara 2 D<\/li>\n<li>Malen Aranburu Garc\u00eda 1 A<\/li>\n<li>Iker Azpeitia Esquisabel 2 B<\/li>\n<li>Sua Basaldua Valdelvira 2 D<\/li>\n<li>Eder Bengoa Pineda 2 B<\/li>\n<li>Nahia Camacho Mu\u00f1oz 2 D<\/li>\n<li>Adri\u00e1n Fad\u00f3n Oliveira 2 C<\/li>\n<li>Udiarraga Garc\u00eda Gastaka 2 C<\/li>\n<li>Aymar Idrissi Koulali 1 B<\/li>\n<li>Hadjar Kouhub Kara Mostefa 2 C<\/li>\n<li>Oier Lasa Gregorio 3 E<\/li>\n<li>Gaizka Mosteiro Feter 2 C<\/li>\n<li>Mikelats Otzerinjauregi Parra 2 D<\/li>\n<li>Uxue Palacios Pereiro 4 B<\/li>\n<li>Gorka Ruiz Larrazabal 4 C<\/li>\n<li>Gari Salazar S\u00e1nchez 2 E<\/li>\n<li>Eider Vera Aguirre 1 A<\/li>\n<\/ul>\n<\/td>\n<td style=\"width: 34.9887%; vertical-align: top; background-color: #e9f7ef;\">\n<ul>\n<li>Sonia Abecia S\u00e1ez<\/li>\n<li>Amaia Elortegi Elortegi<\/li>\n<li>Naiara Gago Povedano<\/li>\n<li>Mar\u00eda Elena Gal\u00edndez Ugarte<\/li>\n<li>Leire Gonz\u00e1lez de Tejada P\u00e9rez<\/li>\n<li>Itziar Lecanda Garc\u00eda<\/li>\n<li>Aitor San Jos\u00e9 Zaballa<\/li>\n<li>Eneko Txopeitia Saralegi<\/li>\n<\/ul>\n<\/td>\n<td style=\"width: 33.3333%; vertical-align: top; background-color: #e5e8a7;\">\n<ul>\n<li>Pilar Aldeiturriaga Tecedor<\/li>\n<li>Maider Arana Laburu<\/li>\n<li>Nerea Berrocal Zorrilla<\/li>\n<li>Libe Corada Morales<\/li>\n<li>Beatriz Fern\u00e1ndez Mac\u00edas<\/li>\n<li>Mar\u00eda Jos\u00e9 Fern\u00e1ndez Mellado<\/li>\n<li>Marta Garmilla Iglesias<\/li>\n<li>Kaouthar Hamdan<\/li>\n<li>Mar\u00eda Bego\u00f1a Jim\u00e9nez Barandiaran<\/li>\n<li>Miren Josune Rodr\u00edguez Montaos<\/li>\n<li>Sof\u00eda Trueba Sola<\/li>\n<li>Estibaliz Urquijo Azc\u00e1rate<\/li>\n<li>Jaione Valdelvira Lape\u00f1a<\/li>\n<li>Yone Alazne Vaz Illana<\/li>\n<\/ul>\n<\/td>\n<\/tr>\n<\/tbody>\n<\/table>\n<p>[\/et_pb_accordion_item][\/et_pb_accordion][\/et_pb_column][\/et_pb_row][\/et_pb_section]<\/p>\n","protected":false},"excerpt":{"rendered":"<p>Estos son los miembros del OMR elegidos tras las elecciones. Se podr\u00e1n presentar reclamaciones contra estos resultados hasta el 22 de noviembre. <a href='https:\/\/laudiobhi.eus\/wp-content\/uploads\/2022\/11\/OOGRAKO-EMAITZAK-FAMILIAK-2022.pdf' class='small-button smallblue' target=\"_blank\">FAMILIAS<\/a> <a href='https:\/\/laudiobhi.eus\/wp-content\/uploads\/2022\/11\/OOGRAKO-EMAITZAK-IKASLEAK-2022.pdf' class='small-button smallsilver' target=\"_blank\">ALUMNADO<\/a> <a href='https:\/\/laudiobhi.eus\/wp-content\/uploads\/2022\/11\/OOGRAKO-EMAITZAK-IRAKASLEAK-2022.pdf' class='small-button smallgreen' target=\"_blank\">PROFESORADO<\/a> &nbsp;El pr\u00f3ximo mi\u00e9rcoles, 16 DE NOVIEMBRE, celebraremos las ELECCIONES PARA RENOVAR EL \u00d3RGANO M\u00c1XIMO DE REPRESENTACI\u00d3N (\u201cConsejo Escolar\u201d). El [&hellip;]<\/p>\n","protected":false},"author":2,"featured_media":2630,"comment_status":"closed","ping_status":"closed","sticky":false,"template":"","format":"standard","meta":{"_et_pb_use_builder":"on","_et_pb_old_content":"","_et_gb_content_width":"","footnotes":""},"categories":[6],"tags":[],"class_list":["post-2624","post","type-post","status-publish","format-standard","has-post-thumbnail","hentry","category-sin-categorizar","et-has-post-format-content","et_post_format-et-post-format-standard"],"yoast_head":"<!-- This site is optimized with the Yoast SEO plugin v27.1.1 - https:\/\/yoast.com\/product\/yoast-seo-wordpress\/ -->\n<title>ELECCIONES para el OMR. SEGUIMIENTO DEL PROCESO. | laudioinstitutua<\/title>\n<meta name=\"robots\" content=\"noindex, follow\" \/>\n<meta property=\"og:locale\" content=\"es_ES\" \/>\n<meta property=\"og:type\" content=\"article\" \/>\n<meta property=\"og:title\" content=\"ELECCIONES para el OMR. SEGUIMIENTO DEL PROCESO. | laudioinstitutua\" \/>\n<meta property=\"og:description\" content=\"Estos son los miembros del OMR elegidos tras las elecciones. Se podr\u00e1n presentar reclamaciones contra estos resultados hasta el 22 de noviembre.  &nbsp;El pr\u00f3ximo mi\u00e9rcoles, 16 DE NOVIEMBRE, celebraremos las ELECCIONES PARA RENOVAR EL \u00d3RGANO M\u00c1XIMO DE REPRESENTACI\u00d3N (\u201cConsejo Escolar\u201d). El [&hellip;]\" \/>\n<meta property=\"og:url\" content=\"https:\/\/laudiobhi.eus\/es\/elecciones-para-el-omr-candidatos\/\" \/>\n<meta property=\"og:site_name\" content=\"laudioinstitutua\" \/>\n<meta property=\"article:published_time\" content=\"2022-11-02T21:44:01+00:00\" \/>\n<meta property=\"article:modified_time\" content=\"2022-11-23T12:43:46+00:00\" \/>\n<meta property=\"og:image\" content=\"https:\/\/laudiobhi.eus\/wp-content\/uploads\/2022\/11\/omr2.jpg\" \/>\n\t<meta property=\"og:image:width\" content=\"300\" \/>\n\t<meta property=\"og:image:height\" content=\"147\" \/>\n\t<meta property=\"og:image:type\" content=\"image\/jpeg\" \/>\n<meta name=\"author\" content=\"Aritza\" \/>\n<meta name=\"twitter:card\" content=\"summary_large_image\" \/>\n<meta name=\"twitter:label1\" content=\"Escrito por\" \/>\n\t<meta name=\"twitter:data1\" content=\"Aritza\" \/>\n\t<meta name=\"twitter:label2\" content=\"Tiempo de lectura\" \/>\n\t<meta name=\"twitter:data2\" content=\"4 minutos\" \/>\n<script type=\"application\/ld+json\" class=\"yoast-schema-graph\">{\"@context\":\"https:\/\/schema.org\",\"@graph\":[{\"@type\":\"Article\",\"@id\":\"https:\/\/laudiobhi.eus\/es\/elecciones-para-el-omr-candidatos\/#article\",\"isPartOf\":{\"@id\":\"https:\/\/laudiobhi.eus\/es\/elecciones-para-el-omr-candidatos\/\"},\"author\":{\"name\":\"Aritza\",\"@id\":\"https:\/\/laudiobhi.eus\/es\/#\/schema\/person\/2e02d70cc6d87b96593919a1a30cfd48\"},\"headline\":\"ELECCIONES para el OMR. SEGUIMIENTO DEL PROCESO.\",\"datePublished\":\"2022-11-02T21:44:01+00:00\",\"dateModified\":\"2022-11-23T12:43:46+00:00\",\"mainEntityOfPage\":{\"@id\":\"https:\/\/laudiobhi.eus\/es\/elecciones-para-el-omr-candidatos\/\"},\"wordCount\":771,\"image\":{\"@id\":\"https:\/\/laudiobhi.eus\/es\/elecciones-para-el-omr-candidatos\/#primaryimage\"},\"thumbnailUrl\":\"https:\/\/laudiobhi.eus\/wp-content\/uploads\/2022\/11\/omr2.jpg\",\"articleSection\":[\"Sin categorizar\"],\"inLanguage\":\"es\"},{\"@type\":\"WebPage\",\"@id\":\"https:\/\/laudiobhi.eus\/es\/elecciones-para-el-omr-candidatos\/\",\"url\":\"https:\/\/laudiobhi.eus\/es\/elecciones-para-el-omr-candidatos\/\",\"name\":\"ELECCIONES para el OMR. SEGUIMIENTO DEL PROCESO. | laudioinstitutua\",\"isPartOf\":{\"@id\":\"https:\/\/laudiobhi.eus\/es\/#website\"},\"primaryImageOfPage\":{\"@id\":\"https:\/\/laudiobhi.eus\/es\/elecciones-para-el-omr-candidatos\/#primaryimage\"},\"image\":{\"@id\":\"https:\/\/laudiobhi.eus\/es\/elecciones-para-el-omr-candidatos\/#primaryimage\"},\"thumbnailUrl\":\"https:\/\/laudiobhi.eus\/wp-content\/uploads\/2022\/11\/omr2.jpg\",\"datePublished\":\"2022-11-02T21:44:01+00:00\",\"dateModified\":\"2022-11-23T12:43:46+00:00\",\"author\":{\"@id\":\"https:\/\/laudiobhi.eus\/es\/#\/schema\/person\/2e02d70cc6d87b96593919a1a30cfd48\"},\"breadcrumb\":{\"@id\":\"https:\/\/laudiobhi.eus\/es\/elecciones-para-el-omr-candidatos\/#breadcrumb\"},\"inLanguage\":\"es\",\"potentialAction\":[{\"@type\":\"ReadAction\",\"target\":[\"https:\/\/laudiobhi.eus\/es\/elecciones-para-el-omr-candidatos\/\"]}]},{\"@type\":\"ImageObject\",\"inLanguage\":\"es\",\"@id\":\"https:\/\/laudiobhi.eus\/es\/elecciones-para-el-omr-candidatos\/#primaryimage\",\"url\":\"https:\/\/laudiobhi.eus\/wp-content\/uploads\/2022\/11\/omr2.jpg\",\"contentUrl\":\"https:\/\/laudiobhi.eus\/wp-content\/uploads\/2022\/11\/omr2.jpg\",\"width\":300,\"height\":147},{\"@type\":\"BreadcrumbList\",\"@id\":\"https:\/\/laudiobhi.eus\/es\/elecciones-para-el-omr-candidatos\/#breadcrumb\",\"itemListElement\":[{\"@type\":\"ListItem\",\"position\":1,\"name\":\"Home\",\"item\":\"https:\/\/laudiobhi.eus\/es\/\"},{\"@type\":\"ListItem\",\"position\":2,\"name\":\"ELECCIONES para el OMR. SEGUIMIENTO DEL PROCESO.\"}]},{\"@type\":\"WebSite\",\"@id\":\"https:\/\/laudiobhi.eus\/es\/#website\",\"url\":\"https:\/\/laudiobhi.eus\/es\/\",\"name\":\"laudioinstitutua\",\"description\":\"IES LAUDIO BHI \u00b7 Institutua\",\"potentialAction\":[{\"@type\":\"SearchAction\",\"target\":{\"@type\":\"EntryPoint\",\"urlTemplate\":\"https:\/\/laudiobhi.eus\/es\/?s={search_term_string}\"},\"query-input\":{\"@type\":\"PropertyValueSpecification\",\"valueRequired\":true,\"valueName\":\"search_term_string\"}}],\"inLanguage\":\"es\"},{\"@type\":\"Person\",\"@id\":\"https:\/\/laudiobhi.eus\/es\/#\/schema\/person\/2e02d70cc6d87b96593919a1a30cfd48\",\"name\":\"Aritza\",\"image\":{\"@type\":\"ImageObject\",\"inLanguage\":\"es\",\"@id\":\"https:\/\/laudiobhi.eus\/es\/#\/schema\/person\/image\/\",\"url\":\"https:\/\/secure.gravatar.com\/avatar\/41f64484d033391b7a3595dcef79858c3ee04a4f800e403fcb88602fb11410fd?s=96&d=mm&r=g\",\"contentUrl\":\"https:\/\/secure.gravatar.com\/avatar\/41f64484d033391b7a3595dcef79858c3ee04a4f800e403fcb88602fb11410fd?s=96&d=mm&r=g\",\"caption\":\"Aritza\"}}]}<\/script>\n<!-- \/ Yoast SEO plugin. -->","yoast_head_json":{"title":"ELECCIONES para el OMR. SEGUIMIENTO DEL PROCESO. | laudioinstitutua","robots":{"index":"noindex","follow":"follow"},"og_locale":"es_ES","og_type":"article","og_title":"ELECCIONES para el OMR. SEGUIMIENTO DEL PROCESO. | laudioinstitutua","og_description":"Estos son los miembros del OMR elegidos tras las elecciones. Se podr\u00e1n presentar reclamaciones contra estos resultados hasta el 22 de noviembre.  &nbsp;El pr\u00f3ximo mi\u00e9rcoles, 16 DE NOVIEMBRE, celebraremos las ELECCIONES PARA RENOVAR EL \u00d3RGANO M\u00c1XIMO DE REPRESENTACI\u00d3N (\u201cConsejo Escolar\u201d). El [&hellip;]","og_url":"https:\/\/laudiobhi.eus\/es\/elecciones-para-el-omr-candidatos\/","og_site_name":"laudioinstitutua","article_published_time":"2022-11-02T21:44:01+00:00","article_modified_time":"2022-11-23T12:43:46+00:00","og_image":[{"width":300,"height":147,"url":"https:\/\/laudiobhi.eus\/wp-content\/uploads\/2022\/11\/omr2.jpg","type":"image\/jpeg"}],"author":"Aritza","twitter_card":"summary_large_image","twitter_misc":{"Escrito por":"Aritza","Tiempo de lectura":"4 minutos"},"schema":{"@context":"https:\/\/schema.org","@graph":[{"@type":"Article","@id":"https:\/\/laudiobhi.eus\/es\/elecciones-para-el-omr-candidatos\/#article","isPartOf":{"@id":"https:\/\/laudiobhi.eus\/es\/elecciones-para-el-omr-candidatos\/"},"author":{"name":"Aritza","@id":"https:\/\/laudiobhi.eus\/es\/#\/schema\/person\/2e02d70cc6d87b96593919a1a30cfd48"},"headline":"ELECCIONES para el OMR. SEGUIMIENTO DEL PROCESO.","datePublished":"2022-11-02T21:44:01+00:00","dateModified":"2022-11-23T12:43:46+00:00","mainEntityOfPage":{"@id":"https:\/\/laudiobhi.eus\/es\/elecciones-para-el-omr-candidatos\/"},"wordCount":771,"image":{"@id":"https:\/\/laudiobhi.eus\/es\/elecciones-para-el-omr-candidatos\/#primaryimage"},"thumbnailUrl":"https:\/\/laudiobhi.eus\/wp-content\/uploads\/2022\/11\/omr2.jpg","articleSection":["Sin categorizar"],"inLanguage":"es"},{"@type":"WebPage","@id":"https:\/\/laudiobhi.eus\/es\/elecciones-para-el-omr-candidatos\/","url":"https:\/\/laudiobhi.eus\/es\/elecciones-para-el-omr-candidatos\/","name":"ELECCIONES para el OMR. SEGUIMIENTO DEL PROCESO. | laudioinstitutua","isPartOf":{"@id":"https:\/\/laudiobhi.eus\/es\/#website"},"primaryImageOfPage":{"@id":"https:\/\/laudiobhi.eus\/es\/elecciones-para-el-omr-candidatos\/#primaryimage"},"image":{"@id":"https:\/\/laudiobhi.eus\/es\/elecciones-para-el-omr-candidatos\/#primaryimage"},"thumbnailUrl":"https:\/\/laudiobhi.eus\/wp-content\/uploads\/2022\/11\/omr2.jpg","datePublished":"2022-11-02T21:44:01+00:00","dateModified":"2022-11-23T12:43:46+00:00","author":{"@id":"https:\/\/laudiobhi.eus\/es\/#\/schema\/person\/2e02d70cc6d87b96593919a1a30cfd48"},"breadcrumb":{"@id":"https:\/\/laudiobhi.eus\/es\/elecciones-para-el-omr-candidatos\/#breadcrumb"},"inLanguage":"es","potentialAction":[{"@type":"ReadAction","target":["https:\/\/laudiobhi.eus\/es\/elecciones-para-el-omr-candidatos\/"]}]},{"@type":"ImageObject","inLanguage":"es","@id":"https:\/\/laudiobhi.eus\/es\/elecciones-para-el-omr-candidatos\/#primaryimage","url":"https:\/\/laudiobhi.eus\/wp-content\/uploads\/2022\/11\/omr2.jpg","contentUrl":"https:\/\/laudiobhi.eus\/wp-content\/uploads\/2022\/11\/omr2.jpg","width":300,"height":147},{"@type":"BreadcrumbList","@id":"https:\/\/laudiobhi.eus\/es\/elecciones-para-el-omr-candidatos\/#breadcrumb","itemListElement":[{"@type":"ListItem","position":1,"name":"Home","item":"https:\/\/laudiobhi.eus\/es\/"},{"@type":"ListItem","position":2,"name":"ELECCIONES para el OMR. SEGUIMIENTO DEL PROCESO."}]},{"@type":"WebSite","@id":"https:\/\/laudiobhi.eus\/es\/#website","url":"https:\/\/laudiobhi.eus\/es\/","name":"laudioinstitutua","description":"IES LAUDIO BHI \u00b7 Institutua","potentialAction":[{"@type":"SearchAction","target":{"@type":"EntryPoint","urlTemplate":"https:\/\/laudiobhi.eus\/es\/?s={search_term_string}"},"query-input":{"@type":"PropertyValueSpecification","valueRequired":true,"valueName":"search_term_string"}}],"inLanguage":"es"},{"@type":"Person","@id":"https:\/\/laudiobhi.eus\/es\/#\/schema\/person\/2e02d70cc6d87b96593919a1a30cfd48","name":"Aritza","image":{"@type":"ImageObject","inLanguage":"es","@id":"https:\/\/laudiobhi.eus\/es\/#\/schema\/person\/image\/","url":"https:\/\/secure.gravatar.com\/avatar\/41f64484d033391b7a3595dcef79858c3ee04a4f800e403fcb88602fb11410fd?s=96&d=mm&r=g","contentUrl":"https:\/\/secure.gravatar.com\/avatar\/41f64484d033391b7a3595dcef79858c3ee04a4f800e403fcb88602fb11410fd?s=96&d=mm&r=g","caption":"Aritza"}}]}},"_links":{"self":[{"href":"https:\/\/laudiobhi.eus\/es\/wp-json\/wp\/v2\/posts\/2624","targetHints":{"allow":["GET"]}}],"collection":[{"href":"https:\/\/laudiobhi.eus\/es\/wp-json\/wp\/v2\/posts"}],"about":[{"href":"https:\/\/laudiobhi.eus\/es\/wp-json\/wp\/v2\/types\/post"}],"author":[{"embeddable":true,"href":"https:\/\/laudiobhi.eus\/es\/wp-json\/wp\/v2\/users\/2"}],"replies":[{"embeddable":true,"href":"https:\/\/laudiobhi.eus\/es\/wp-json\/wp\/v2\/comments?post=2624"}],"version-history":[{"count":39,"href":"https:\/\/laudiobhi.eus\/es\/wp-json\/wp\/v2\/posts\/2624\/revisions"}],"predecessor-version":[{"id":2804,"href":"https:\/\/laudiobhi.eus\/es\/wp-json\/wp\/v2\/posts\/2624\/revisions\/2804"}],"wp:featuredmedia":[{"embeddable":true,"href":"https:\/\/laudiobhi.eus\/es\/wp-json\/wp\/v2\/media\/2630"}],"wp:attachment":[{"href":"https:\/\/laudiobhi.eus\/es\/wp-json\/wp\/v2\/media?parent=2624"}],"wp:term":[{"taxonomy":"category","embeddable":true,"href":"https:\/\/laudiobhi.eus\/es\/wp-json\/wp\/v2\/categories?post=2624"},{"taxonomy":"post_tag","embeddable":true,"href":"https:\/\/laudiobhi.eus\/es\/wp-json\/wp\/v2\/tags?post=2624"}],"curies":[{"name":"wp","href":"https:\/\/api.w.org\/{rel}","templated":true}]}}