{"id":2177,"date":"2022-10-04T19:41:48","date_gmt":"2022-10-04T17:41:48","guid":{"rendered":"https:\/\/laudiobhi.eus\/?p=2177"},"modified":"2022-10-04T19:42:08","modified_gmt":"2022-10-04T17:42:08","slug":"2022-2023-reuniones-con-las-familias","status":"publish","type":"post","link":"https:\/\/laudiobhi.eus\/es\/2022-2023-reuniones-con-las-familias\/","title":{"rendered":"2022-2023 REUNIONES CON LAS FAMILIAS"},"content":{"rendered":"<p>[et_pb_section fb_built=\u00bb1&#8243; _builder_version=\u00bb4.16&#8243; _module_preset=\u00bbdefault\u00bb global_colors_info=\u00bb{}\u00bb][et_pb_row _builder_version=\u00bb4.17.6&#8243; _module_preset=\u00bbdefault\u00bb global_colors_info=\u00bb{}\u00bb][et_pb_column type=\u00bb4_4&#8243; _builder_version=\u00bb4.16&#8243; _module_preset=\u00bbdefault\u00bb global_colors_info=\u00bb{}\u00bb][et_pb_text _builder_version=\u00bb4.17.6&#8243; _module_preset=\u00bbdefault\u00bb hover_enabled=\u00bb0&#8243; global_colors_info=\u00bb{}\u00bb sticky_enabled=\u00bb0&#8243;]<\/p>\n<h2 style=\"text-align: center;\"><img loading=\"lazy\" decoding=\"async\" class=\"wp-image-1961  alignleft\" src=\"https:\/\/laudiobhi.eus\/wp-content\/uploads\/2022\/09\/IES-LAUDIO-BHI-MARKA-LOGOTIPOAK-2-35-300x287.png\" alt=\"\" width=\"182\" height=\"174\" srcset=\"https:\/\/laudiobhi.eus\/wp-content\/uploads\/2022\/09\/IES-LAUDIO-BHI-MARKA-LOGOTIPOAK-2-35-300x287.png 300w, https:\/\/laudiobhi.eus\/wp-content\/uploads\/2022\/09\/IES-LAUDIO-BHI-MARKA-LOGOTIPOAK-2-35-1024x979.png 1024w, https:\/\/laudiobhi.eus\/wp-content\/uploads\/2022\/09\/IES-LAUDIO-BHI-MARKA-LOGOTIPOAK-2-35-768x734.png 768w, https:\/\/laudiobhi.eus\/wp-content\/uploads\/2022\/09\/IES-LAUDIO-BHI-MARKA-LOGOTIPOAK-2-35-1536x1469.png 1536w, https:\/\/laudiobhi.eus\/wp-content\/uploads\/2022\/09\/IES-LAUDIO-BHI-MARKA-LOGOTIPOAK-2-35-1080x1033.png 1080w, https:\/\/laudiobhi.eus\/wp-content\/uploads\/2022\/09\/IES-LAUDIO-BHI-MARKA-LOGOTIPOAK-2-35.png 2032w\" sizes=\"(max-width: 182px) 100vw, 182px\" \/>2022-2023 REUNIONES CON LAS FAMILIAS<\/h2>\n<h2 style=\"text-align: center;\">\u00a010 de octubre<\/h2>\n<p>&nbsp;<\/p>\n<p>El pr\u00f3ximo 10 de octubre se celebrar\u00e1n las reuniones de presentaci\u00f3n del curso 22-23 con las familias.<\/p>\n<p>Esperamos contar con vuestra presencia pues entendemos que la familia es un pilar importante en la educaci\u00f3n de nuestro alumnado. Os pedimos puntualidad para facilitar la reuni\u00f3n.<\/p>\n<div>Las reuniones se celebrar\u00e1n en el aula de cada alumno\/a<strong>.<\/strong><\/div>\n<div>La hora de la reuni\u00f3n ser\u00e1:<\/div>\n<ul>\n<li>\n<h3><strong><span style=\"color: #333399;\">10 de OCTUBRE:<\/span><\/strong><\/h3>\n<ul>\n<li>\n<h3>17:00h: Laudio Goikoa<\/h3>\n<\/li>\n<li>\n<h3>17:30: 1ESO y 2ESO<\/h3>\n<\/li>\n<li>\n<h3>18:00: 3ESO y 4ESO<\/h3>\n<\/li>\n<li>\n<h3>18:30: 1BACH y 2BACH (excepto 2A)<\/h3>\n<\/li>\n<\/ul>\n<\/li>\n<li>\n<h3><strong><span style=\"color: #333399;\">13 de OCTUBRE:<\/span><\/strong><\/h3>\n<ul>\n<li>\n<h3>18:30: 2A BACH<\/h3>\n<\/li>\n<\/ul>\n<\/li>\n<\/ul>\n<p>[\/et_pb_text][\/et_pb_column][\/et_pb_row][\/et_pb_section]<\/p>\n","protected":false},"excerpt":{"rendered":"<p>2022-2023 REUNIONES CON LAS FAMILIAS \u00a010 de octubre &nbsp; El pr\u00f3ximo 10 de octubre se celebrar\u00e1n las reuniones de presentaci\u00f3n del curso 22-23 con las familias. Esperamos contar con vuestra presencia pues entendemos que la familia es un pilar importante en la educaci\u00f3n de nuestro alumnado. Os pedimos puntualidad para facilitar la reuni\u00f3n. Las reuniones [&hellip;]<\/p>\n","protected":false},"author":2,"featured_media":2184,"comment_status":"closed","ping_status":"closed","sticky":false,"template":"","format":"standard","meta":{"_et_pb_use_builder":"on","_et_pb_old_content":"","_et_gb_content_width":"","footnotes":""},"categories":[22],"tags":[],"class_list":["post-2177","post","type-post","status-publish","format-standard","has-post-thumbnail","hentry","category-noticias","et-has-post-format-content","et_post_format-et-post-format-standard"],"yoast_head":"<!-- This site is optimized with the Yoast SEO plugin v27.1.1 - https:\/\/yoast.com\/product\/yoast-seo-wordpress\/ -->\n<title>2022-2023 REUNIONES CON LAS FAMILIAS | laudioinstitutua<\/title>\n<meta name=\"robots\" content=\"noindex, follow\" \/>\n<meta property=\"og:locale\" content=\"es_ES\" \/>\n<meta property=\"og:type\" content=\"article\" \/>\n<meta property=\"og:title\" content=\"2022-2023 REUNIONES CON LAS FAMILIAS | laudioinstitutua\" \/>\n<meta property=\"og:description\" content=\"2022-2023 REUNIONES CON LAS FAMILIAS \u00a010 de octubre &nbsp; El pr\u00f3ximo 10 de octubre se celebrar\u00e1n las reuniones de presentaci\u00f3n del curso 22-23 con las familias. Esperamos contar con vuestra presencia pues entendemos que la familia es un pilar importante en la educaci\u00f3n de nuestro alumnado. Os pedimos puntualidad para facilitar la reuni\u00f3n. Las reuniones [&hellip;]\" \/>\n<meta property=\"og:url\" content=\"https:\/\/laudiobhi.eus\/es\/2022-2023-reuniones-con-las-familias\/\" \/>\n<meta property=\"og:site_name\" content=\"laudioinstitutua\" \/>\n<meta property=\"article:published_time\" content=\"2022-10-04T17:41:48+00:00\" \/>\n<meta property=\"article:modified_time\" content=\"2022-10-04T17:42:08+00:00\" \/>\n<meta property=\"og:image\" content=\"https:\/\/laudiobhi.eus\/wp-content\/uploads\/2022\/10\/communication-g4db83654b_640.jpg\" \/>\n\t<meta property=\"og:image:width\" content=\"640\" \/>\n\t<meta property=\"og:image:height\" content=\"412\" \/>\n\t<meta property=\"og:image:type\" content=\"image\/jpeg\" \/>\n<meta name=\"author\" content=\"Aritza\" \/>\n<meta name=\"twitter:card\" content=\"summary_large_image\" \/>\n<meta name=\"twitter:label1\" content=\"Escrito por\" \/>\n\t<meta name=\"twitter:data1\" content=\"Aritza\" \/>\n\t<meta name=\"twitter:label2\" content=\"Tiempo de lectura\" \/>\n\t<meta name=\"twitter:data2\" content=\"1 minuto\" \/>\n<script type=\"application\/ld+json\" class=\"yoast-schema-graph\">{\"@context\":\"https:\/\/schema.org\",\"@graph\":[{\"@type\":\"Article\",\"@id\":\"https:\/\/laudiobhi.eus\/es\/2022-2023-reuniones-con-las-familias\/#article\",\"isPartOf\":{\"@id\":\"https:\/\/laudiobhi.eus\/es\/2022-2023-reuniones-con-las-familias\/\"},\"author\":{\"name\":\"Aritza\",\"@id\":\"https:\/\/laudiobhi.eus\/es\/#\/schema\/person\/2e02d70cc6d87b96593919a1a30cfd48\"},\"headline\":\"2022-2023 REUNIONES CON LAS FAMILIAS\",\"datePublished\":\"2022-10-04T17:41:48+00:00\",\"dateModified\":\"2022-10-04T17:42:08+00:00\",\"mainEntityOfPage\":{\"@id\":\"https:\/\/laudiobhi.eus\/es\/2022-2023-reuniones-con-las-familias\/\"},\"wordCount\":163,\"image\":{\"@id\":\"https:\/\/laudiobhi.eus\/es\/2022-2023-reuniones-con-las-familias\/#primaryimage\"},\"thumbnailUrl\":\"https:\/\/laudiobhi.eus\/wp-content\/uploads\/2022\/10\/communication-g4db83654b_640.jpg\",\"articleSection\":[\"Noticias\"],\"inLanguage\":\"es\"},{\"@type\":\"WebPage\",\"@id\":\"https:\/\/laudiobhi.eus\/es\/2022-2023-reuniones-con-las-familias\/\",\"url\":\"https:\/\/laudiobhi.eus\/es\/2022-2023-reuniones-con-las-familias\/\",\"name\":\"2022-2023 REUNIONES CON LAS FAMILIAS | laudioinstitutua\",\"isPartOf\":{\"@id\":\"https:\/\/laudiobhi.eus\/es\/#website\"},\"primaryImageOfPage\":{\"@id\":\"https:\/\/laudiobhi.eus\/es\/2022-2023-reuniones-con-las-familias\/#primaryimage\"},\"image\":{\"@id\":\"https:\/\/laudiobhi.eus\/es\/2022-2023-reuniones-con-las-familias\/#primaryimage\"},\"thumbnailUrl\":\"https:\/\/laudiobhi.eus\/wp-content\/uploads\/2022\/10\/communication-g4db83654b_640.jpg\",\"datePublished\":\"2022-10-04T17:41:48+00:00\",\"dateModified\":\"2022-10-04T17:42:08+00:00\",\"author\":{\"@id\":\"https:\/\/laudiobhi.eus\/es\/#\/schema\/person\/2e02d70cc6d87b96593919a1a30cfd48\"},\"breadcrumb\":{\"@id\":\"https:\/\/laudiobhi.eus\/es\/2022-2023-reuniones-con-las-familias\/#breadcrumb\"},\"inLanguage\":\"es\",\"potentialAction\":[{\"@type\":\"ReadAction\",\"target\":[\"https:\/\/laudiobhi.eus\/es\/2022-2023-reuniones-con-las-familias\/\"]}]},{\"@type\":\"ImageObject\",\"inLanguage\":\"es\",\"@id\":\"https:\/\/laudiobhi.eus\/es\/2022-2023-reuniones-con-las-familias\/#primaryimage\",\"url\":\"https:\/\/laudiobhi.eus\/wp-content\/uploads\/2022\/10\/communication-g4db83654b_640.jpg\",\"contentUrl\":\"https:\/\/laudiobhi.eus\/wp-content\/uploads\/2022\/10\/communication-g4db83654b_640.jpg\",\"width\":640,\"height\":412},{\"@type\":\"BreadcrumbList\",\"@id\":\"https:\/\/laudiobhi.eus\/es\/2022-2023-reuniones-con-las-familias\/#breadcrumb\",\"itemListElement\":[{\"@type\":\"ListItem\",\"position\":1,\"name\":\"Home\",\"item\":\"https:\/\/laudiobhi.eus\/es\/\"},{\"@type\":\"ListItem\",\"position\":2,\"name\":\"2022-2023 REUNIONES CON LAS FAMILIAS\"}]},{\"@type\":\"WebSite\",\"@id\":\"https:\/\/laudiobhi.eus\/es\/#website\",\"url\":\"https:\/\/laudiobhi.eus\/es\/\",\"name\":\"laudioinstitutua\",\"description\":\"IES LAUDIO BHI \u00b7 Institutua\",\"potentialAction\":[{\"@type\":\"SearchAction\",\"target\":{\"@type\":\"EntryPoint\",\"urlTemplate\":\"https:\/\/laudiobhi.eus\/es\/?s={search_term_string}\"},\"query-input\":{\"@type\":\"PropertyValueSpecification\",\"valueRequired\":true,\"valueName\":\"search_term_string\"}}],\"inLanguage\":\"es\"},{\"@type\":\"Person\",\"@id\":\"https:\/\/laudiobhi.eus\/es\/#\/schema\/person\/2e02d70cc6d87b96593919a1a30cfd48\",\"name\":\"Aritza\",\"image\":{\"@type\":\"ImageObject\",\"inLanguage\":\"es\",\"@id\":\"https:\/\/laudiobhi.eus\/es\/#\/schema\/person\/image\/\",\"url\":\"https:\/\/secure.gravatar.com\/avatar\/41f64484d033391b7a3595dcef79858c3ee04a4f800e403fcb88602fb11410fd?s=96&d=mm&r=g\",\"contentUrl\":\"https:\/\/secure.gravatar.com\/avatar\/41f64484d033391b7a3595dcef79858c3ee04a4f800e403fcb88602fb11410fd?s=96&d=mm&r=g\",\"caption\":\"Aritza\"}}]}<\/script>\n<!-- \/ Yoast SEO plugin. -->","yoast_head_json":{"title":"2022-2023 REUNIONES CON LAS FAMILIAS | laudioinstitutua","robots":{"index":"noindex","follow":"follow"},"og_locale":"es_ES","og_type":"article","og_title":"2022-2023 REUNIONES CON LAS FAMILIAS | laudioinstitutua","og_description":"2022-2023 REUNIONES CON LAS FAMILIAS \u00a010 de octubre &nbsp; El pr\u00f3ximo 10 de octubre se celebrar\u00e1n las reuniones de presentaci\u00f3n del curso 22-23 con las familias. Esperamos contar con vuestra presencia pues entendemos que la familia es un pilar importante en la educaci\u00f3n de nuestro alumnado. Os pedimos puntualidad para facilitar la reuni\u00f3n. Las reuniones [&hellip;]","og_url":"https:\/\/laudiobhi.eus\/es\/2022-2023-reuniones-con-las-familias\/","og_site_name":"laudioinstitutua","article_published_time":"2022-10-04T17:41:48+00:00","article_modified_time":"2022-10-04T17:42:08+00:00","og_image":[{"width":640,"height":412,"url":"https:\/\/laudiobhi.eus\/wp-content\/uploads\/2022\/10\/communication-g4db83654b_640.jpg","type":"image\/jpeg"}],"author":"Aritza","twitter_card":"summary_large_image","twitter_misc":{"Escrito por":"Aritza","Tiempo de lectura":"1 minuto"},"schema":{"@context":"https:\/\/schema.org","@graph":[{"@type":"Article","@id":"https:\/\/laudiobhi.eus\/es\/2022-2023-reuniones-con-las-familias\/#article","isPartOf":{"@id":"https:\/\/laudiobhi.eus\/es\/2022-2023-reuniones-con-las-familias\/"},"author":{"name":"Aritza","@id":"https:\/\/laudiobhi.eus\/es\/#\/schema\/person\/2e02d70cc6d87b96593919a1a30cfd48"},"headline":"2022-2023 REUNIONES CON LAS FAMILIAS","datePublished":"2022-10-04T17:41:48+00:00","dateModified":"2022-10-04T17:42:08+00:00","mainEntityOfPage":{"@id":"https:\/\/laudiobhi.eus\/es\/2022-2023-reuniones-con-las-familias\/"},"wordCount":163,"image":{"@id":"https:\/\/laudiobhi.eus\/es\/2022-2023-reuniones-con-las-familias\/#primaryimage"},"thumbnailUrl":"https:\/\/laudiobhi.eus\/wp-content\/uploads\/2022\/10\/communication-g4db83654b_640.jpg","articleSection":["Noticias"],"inLanguage":"es"},{"@type":"WebPage","@id":"https:\/\/laudiobhi.eus\/es\/2022-2023-reuniones-con-las-familias\/","url":"https:\/\/laudiobhi.eus\/es\/2022-2023-reuniones-con-las-familias\/","name":"2022-2023 REUNIONES CON LAS FAMILIAS | laudioinstitutua","isPartOf":{"@id":"https:\/\/laudiobhi.eus\/es\/#website"},"primaryImageOfPage":{"@id":"https:\/\/laudiobhi.eus\/es\/2022-2023-reuniones-con-las-familias\/#primaryimage"},"image":{"@id":"https:\/\/laudiobhi.eus\/es\/2022-2023-reuniones-con-las-familias\/#primaryimage"},"thumbnailUrl":"https:\/\/laudiobhi.eus\/wp-content\/uploads\/2022\/10\/communication-g4db83654b_640.jpg","datePublished":"2022-10-04T17:41:48+00:00","dateModified":"2022-10-04T17:42:08+00:00","author":{"@id":"https:\/\/laudiobhi.eus\/es\/#\/schema\/person\/2e02d70cc6d87b96593919a1a30cfd48"},"breadcrumb":{"@id":"https:\/\/laudiobhi.eus\/es\/2022-2023-reuniones-con-las-familias\/#breadcrumb"},"inLanguage":"es","potentialAction":[{"@type":"ReadAction","target":["https:\/\/laudiobhi.eus\/es\/2022-2023-reuniones-con-las-familias\/"]}]},{"@type":"ImageObject","inLanguage":"es","@id":"https:\/\/laudiobhi.eus\/es\/2022-2023-reuniones-con-las-familias\/#primaryimage","url":"https:\/\/laudiobhi.eus\/wp-content\/uploads\/2022\/10\/communication-g4db83654b_640.jpg","contentUrl":"https:\/\/laudiobhi.eus\/wp-content\/uploads\/2022\/10\/communication-g4db83654b_640.jpg","width":640,"height":412},{"@type":"BreadcrumbList","@id":"https:\/\/laudiobhi.eus\/es\/2022-2023-reuniones-con-las-familias\/#breadcrumb","itemListElement":[{"@type":"ListItem","position":1,"name":"Home","item":"https:\/\/laudiobhi.eus\/es\/"},{"@type":"ListItem","position":2,"name":"2022-2023 REUNIONES CON LAS FAMILIAS"}]},{"@type":"WebSite","@id":"https:\/\/laudiobhi.eus\/es\/#website","url":"https:\/\/laudiobhi.eus\/es\/","name":"laudioinstitutua","description":"IES LAUDIO BHI \u00b7 Institutua","potentialAction":[{"@type":"SearchAction","target":{"@type":"EntryPoint","urlTemplate":"https:\/\/laudiobhi.eus\/es\/?s={search_term_string}"},"query-input":{"@type":"PropertyValueSpecification","valueRequired":true,"valueName":"search_term_string"}}],"inLanguage":"es"},{"@type":"Person","@id":"https:\/\/laudiobhi.eus\/es\/#\/schema\/person\/2e02d70cc6d87b96593919a1a30cfd48","name":"Aritza","image":{"@type":"ImageObject","inLanguage":"es","@id":"https:\/\/laudiobhi.eus\/es\/#\/schema\/person\/image\/","url":"https:\/\/secure.gravatar.com\/avatar\/41f64484d033391b7a3595dcef79858c3ee04a4f800e403fcb88602fb11410fd?s=96&d=mm&r=g","contentUrl":"https:\/\/secure.gravatar.com\/avatar\/41f64484d033391b7a3595dcef79858c3ee04a4f800e403fcb88602fb11410fd?s=96&d=mm&r=g","caption":"Aritza"}}]}},"_links":{"self":[{"href":"https:\/\/laudiobhi.eus\/es\/wp-json\/wp\/v2\/posts\/2177","targetHints":{"allow":["GET"]}}],"collection":[{"href":"https:\/\/laudiobhi.eus\/es\/wp-json\/wp\/v2\/posts"}],"about":[{"href":"https:\/\/laudiobhi.eus\/es\/wp-json\/wp\/v2\/types\/post"}],"author":[{"embeddable":true,"href":"https:\/\/laudiobhi.eus\/es\/wp-json\/wp\/v2\/users\/2"}],"replies":[{"embeddable":true,"href":"https:\/\/laudiobhi.eus\/es\/wp-json\/wp\/v2\/comments?post=2177"}],"version-history":[{"count":7,"href":"https:\/\/laudiobhi.eus\/es\/wp-json\/wp\/v2\/posts\/2177\/revisions"}],"predecessor-version":[{"id":2195,"href":"https:\/\/laudiobhi.eus\/es\/wp-json\/wp\/v2\/posts\/2177\/revisions\/2195"}],"wp:featuredmedia":[{"embeddable":true,"href":"https:\/\/laudiobhi.eus\/es\/wp-json\/wp\/v2\/media\/2184"}],"wp:attachment":[{"href":"https:\/\/laudiobhi.eus\/es\/wp-json\/wp\/v2\/media?parent=2177"}],"wp:term":[{"taxonomy":"category","embeddable":true,"href":"https:\/\/laudiobhi.eus\/es\/wp-json\/wp\/v2\/categories?post=2177"},{"taxonomy":"post_tag","embeddable":true,"href":"https:\/\/laudiobhi.eus\/es\/wp-json\/wp\/v2\/tags?post=2177"}],"curies":[{"name":"wp","href":"https:\/\/api.w.org\/{rel}","templated":true}]}}