{"id":11368,"date":"2026-09-03T17:52:12","date_gmt":"2026-09-03T15:52:12","guid":{"rendered":"https:\/\/laudiobhi.eus\/?p=11368"},"modified":"2026-09-03T18:02:39","modified_gmt":"2026-09-03T16:02:39","slug":"26-27-ikasturteko-garraioa","status":"publish","type":"post","link":"https:\/\/laudiobhi.eus\/es\/26-27-ikasturteko-garraioa\/","title":{"rendered":"Transporte curso 26-27"},"content":{"rendered":"<p>[et_pb_section fb_built=\u00bb1&#8243; _builder_version=\u00bb4.16&#8243; global_colors_info=\u00bb{}\u00bb][et_pb_row _builder_version=\u00bb4.27.5&#8243; _module_preset=\u00bbdefault\u00bb custom_margin=\u00bb||||false|false\u00bb global_colors_info=\u00bb{}\u00bb][et_pb_column type=\u00bb4_4&#8243; _builder_version=\u00bb4.27.5&#8243; _module_preset=\u00bbdefault\u00bb global_colors_info=\u00bb{}\u00bb][et_pb_blurb title=\u00bbOrganizaci\u00f3n del transporte escolar para el curso 2026-2027&#8243; content_max_width=\u00bb1100px\u00bb _builder_version=\u00bb4.27.5&#8243; _module_preset=\u00bbdefault\u00bb header_text_align=\u00bbcenter\u00bb body_font_size=\u00bb17px\u00bb custom_margin=\u00bb|0px||0px|false|false\u00bb hover_enabled=\u00bb0&#8243; global_colors_info=\u00bb{}\u00bb sticky_enabled=\u00bb0&#8243;]<\/p>\n<p>Esta es la informaci\u00f3n b\u00e1sica sobre la organizaci\u00f3n del transporte escolar. En cada cuadro se indican el recorrido y el horario de los autobuses del alumnado de ESO que utiliza el transporte escolar. Tened en cuenta que, a partir de la segunda parada, el horario es aproximado. En esta semana os notificaremos la organizaci\u00f3n del alumnado de las rutas de Orozko y Areta.<\/p>\n<p>[\/et_pb_blurb][et_pb_image title_text=\u00bbCaptura de pantalla 2026-09-03 175818&#8243; _builder_version=\u00bb4.27.5&#8243; _module_preset=\u00bbdefault\u00bb hover_enabled=\u00bb0&#8243; global_colors_info=\u00bb{}\u00bb src=\u00bbhttps:\/\/laudiobhi.eus\/wp-content\/uploads\/2026\/09\/Captura-de-pantalla-2026-09-03-175818.png\u00bb sticky_enabled=\u00bb0&#8243;][\/et_pb_image][\/et_pb_column][\/et_pb_row][et_pb_row column_structure=\u00bb1_2,1_2&#8243; _builder_version=\u00bb4.27.5&#8243; _module_preset=\u00bbdefault\u00bb global_colors_info=\u00bb{}\u00bb][et_pb_column type=\u00bb1_2&#8243; _builder_version=\u00bb4.27.5&#8243; _module_preset=\u00bbdefault\u00bb global_colors_info=\u00bb{}\u00bb][et_pb_blurb _builder_version=\u00bb4.27.5&#8243; _module_preset=\u00bbdefault\u00bb body_font_size=\u00bb20px\u00bb custom_padding=\u00bb10px|10px|10px|10px|false|false\u00bb hover_enabled=\u00bb0&#8243; box_shadow_style=\u00bbpreset1&#8243; global_colors_info=\u00bb{}\u00bb sticky_enabled=\u00bb0&#8243;]<\/p>\n<p>En caso de que se produzca alg\u00fan cambio en los horarios, se publicar\u00e1 en la p\u00e1gina web.<\/p>\n<p>[\/et_pb_blurb][\/et_pb_column][et_pb_column type=\u00bb1_2&#8243; _builder_version=\u00bb4.27.5&#8243; _module_preset=\u00bbdefault\u00bb global_colors_info=\u00bb{}\u00bb][et_pb_blurb _builder_version=\u00bb4.27.5&#8243; _module_preset=\u00bbdefault\u00bb body_font_size=\u00bb20px\u00bb custom_padding=\u00bb10px|10px|10px|10px|false|false\u00bb hover_enabled=\u00bb0&#8243; box_shadow_style=\u00bbpreset1&#8243; global_colors_info=\u00bb{}\u00bb sticky_enabled=\u00bb0&#8243;]<\/p>\n<p>El servicio de transporte del alumnado del aula ZIG se informar\u00e1 directamente a las familias.<\/p>\n<p>[\/et_pb_blurb][\/et_pb_column][\/et_pb_row][\/et_pb_section]<\/p>\n","protected":false},"excerpt":{"rendered":"<p>Esta es la informaci\u00f3n b\u00e1sica sobre la organizaci\u00f3n del transporte escolar. En cada cuadro se indican el recorrido y el horario de los autobuses del alumnado de ESO que utiliza el transporte escolar. Tened en cuenta que, a partir de la segunda parada, el horario es aproximado. En esta semana os notificaremos la organizaci\u00f3n del [&hellip;]<\/p>\n","protected":false},"author":2,"featured_media":9555,"comment_status":"closed","ping_status":"closed","sticky":false,"template":"","format":"standard","meta":{"_et_pb_use_builder":"on","_et_pb_old_content":"<p>Otsailaren 13tik n 24ra bitartean, Lehen eta Bigarren Hezkuntzako ikastetxeetan, 23-24 ikasturterako aurre matrikulazio-epea irekiko da.<\/p><p>Eskabideak eta egiaztagiriak aurkeztea:<\/p><ul><li><strong>On-line:\u00a0<\/strong>2023ko otsailaren 13tik 24ra bitartean<\/li><li><strong>Aukeratutako lehenengo ikastetxean:\u00a0<\/strong>idazkaritza ordutegian, 2023ko otsailaren 13tik 24ra bitartean<\/li><\/ul><p><a href=\"https:\/\/www.euskadi.eus\/onarpena-haur-lehen-eta-derrigorrezko-bigarren-hezkuntza\/web01-a2hikast\/eu\/\">[button link=\"https:\/\/www.euskadi.eus\/onarpena-haur-lehen-eta-derrigorrezko-bigarren-hezkuntza\/web01-a2hikast\/eu\/\" newwindow=\"yes\"] Informazio guztia hemen[\/button]<\/a><\/p>","_et_gb_content_width":"","footnotes":""},"categories":[6],"tags":[],"class_list":["post-11368","post","type-post","status-publish","format-standard","has-post-thumbnail","hentry","category-sin-categorizar","et-has-post-format-content","et_post_format-et-post-format-standard"],"yoast_head":"<!-- This site is optimized with the Yoast SEO plugin v27.9 - https:\/\/yoast.com\/product\/yoast-seo-wordpress\/ -->\n<title>Transporte curso 26-27 | laudioinstitutua<\/title>\n<meta name=\"robots\" content=\"noindex, follow\" \/>\n<meta property=\"og:locale\" content=\"es_ES\" \/>\n<meta property=\"og:type\" content=\"article\" \/>\n<meta property=\"og:title\" content=\"Transporte curso 26-27 | laudioinstitutua\" \/>\n<meta property=\"og:description\" content=\"Esta es la informaci\u00f3n b\u00e1sica sobre la organizaci\u00f3n del transporte escolar. En cada cuadro se indican el recorrido y el horario de los autobuses del alumnado de ESO que utiliza el transporte escolar. Tened en cuenta que, a partir de la segunda parada, el horario es aproximado. En esta semana os notificaremos la organizaci\u00f3n del [&hellip;]\" \/>\n<meta property=\"og:url\" content=\"https:\/\/laudiobhi.eus\/es\/26-27-ikasturteko-garraioa\/\" \/>\n<meta property=\"og:site_name\" content=\"laudioinstitutua\" \/>\n<meta property=\"article:published_time\" content=\"2026-09-03T15:52:12+00:00\" \/>\n<meta property=\"article:modified_time\" content=\"2026-09-03T16:02:39+00:00\" \/>\n<meta property=\"og:image\" content=\"https:\/\/laudiobhi.eus\/wp-content\/uploads\/2025\/09\/GARRAIOA-OHARRA-1.png\" \/>\n\t<meta property=\"og:image:width\" content=\"300\" \/>\n\t<meta property=\"og:image:height\" content=\"300\" \/>\n\t<meta property=\"og:image:type\" content=\"image\/png\" \/>\n<meta name=\"author\" content=\"Aritza\" \/>\n<meta name=\"twitter:card\" content=\"summary_large_image\" \/>\n<meta name=\"twitter:label1\" content=\"Escrito por\" \/>\n\t<meta name=\"twitter:data1\" content=\"Aritza\" \/>\n\t<meta name=\"twitter:label2\" content=\"Tiempo de lectura\" \/>\n\t<meta name=\"twitter:data2\" content=\"1 minuto\" \/>\n<script type=\"application\/ld+json\" class=\"yoast-schema-graph\">{\"@context\":\"https:\\\/\\\/schema.org\",\"@graph\":[{\"@type\":\"Article\",\"@id\":\"https:\\\/\\\/laudiobhi.eus\\\/es\\\/26-27-ikasturteko-garraioa\\\/#article\",\"isPartOf\":{\"@id\":\"https:\\\/\\\/laudiobhi.eus\\\/es\\\/26-27-ikasturteko-garraioa\\\/\"},\"author\":{\"name\":\"Aritza\",\"@id\":\"https:\\\/\\\/laudiobhi.eus\\\/es\\\/#\\\/schema\\\/person\\\/2e02d70cc6d87b96593919a1a30cfd48\"},\"headline\":\"Transporte curso 26-27\",\"datePublished\":\"2026-09-03T15:52:12+00:00\",\"dateModified\":\"2026-09-03T16:02:39+00:00\",\"mainEntityOfPage\":{\"@id\":\"https:\\\/\\\/laudiobhi.eus\\\/es\\\/26-27-ikasturteko-garraioa\\\/\"},\"wordCount\":346,\"image\":{\"@id\":\"https:\\\/\\\/laudiobhi.eus\\\/es\\\/26-27-ikasturteko-garraioa\\\/#primaryimage\"},\"thumbnailUrl\":\"https:\\\/\\\/laudiobhi.eus\\\/wp-content\\\/uploads\\\/2025\\\/09\\\/GARRAIOA-OHARRA-1.png\",\"articleSection\":[\"Sin categorizar\"],\"inLanguage\":\"es\"},{\"@type\":\"WebPage\",\"@id\":\"https:\\\/\\\/laudiobhi.eus\\\/es\\\/26-27-ikasturteko-garraioa\\\/\",\"url\":\"https:\\\/\\\/laudiobhi.eus\\\/es\\\/26-27-ikasturteko-garraioa\\\/\",\"name\":\"Transporte curso 26-27 | laudioinstitutua\",\"isPartOf\":{\"@id\":\"https:\\\/\\\/laudiobhi.eus\\\/es\\\/#website\"},\"primaryImageOfPage\":{\"@id\":\"https:\\\/\\\/laudiobhi.eus\\\/es\\\/26-27-ikasturteko-garraioa\\\/#primaryimage\"},\"image\":{\"@id\":\"https:\\\/\\\/laudiobhi.eus\\\/es\\\/26-27-ikasturteko-garraioa\\\/#primaryimage\"},\"thumbnailUrl\":\"https:\\\/\\\/laudiobhi.eus\\\/wp-content\\\/uploads\\\/2025\\\/09\\\/GARRAIOA-OHARRA-1.png\",\"datePublished\":\"2026-09-03T15:52:12+00:00\",\"dateModified\":\"2026-09-03T16:02:39+00:00\",\"author\":{\"@id\":\"https:\\\/\\\/laudiobhi.eus\\\/es\\\/#\\\/schema\\\/person\\\/2e02d70cc6d87b96593919a1a30cfd48\"},\"breadcrumb\":{\"@id\":\"https:\\\/\\\/laudiobhi.eus\\\/es\\\/26-27-ikasturteko-garraioa\\\/#breadcrumb\"},\"inLanguage\":\"es\",\"potentialAction\":[{\"@type\":\"ReadAction\",\"target\":[\"https:\\\/\\\/laudiobhi.eus\\\/es\\\/26-27-ikasturteko-garraioa\\\/\"]}]},{\"@type\":\"ImageObject\",\"inLanguage\":\"es\",\"@id\":\"https:\\\/\\\/laudiobhi.eus\\\/es\\\/26-27-ikasturteko-garraioa\\\/#primaryimage\",\"url\":\"https:\\\/\\\/laudiobhi.eus\\\/wp-content\\\/uploads\\\/2025\\\/09\\\/GARRAIOA-OHARRA-1.png\",\"contentUrl\":\"https:\\\/\\\/laudiobhi.eus\\\/wp-content\\\/uploads\\\/2025\\\/09\\\/GARRAIOA-OHARRA-1.png\",\"width\":300,\"height\":300},{\"@type\":\"BreadcrumbList\",\"@id\":\"https:\\\/\\\/laudiobhi.eus\\\/es\\\/26-27-ikasturteko-garraioa\\\/#breadcrumb\",\"itemListElement\":[{\"@type\":\"ListItem\",\"position\":1,\"name\":\"Home\",\"item\":\"https:\\\/\\\/laudiobhi.eus\\\/es\\\/\"},{\"@type\":\"ListItem\",\"position\":2,\"name\":\"Transporte curso 26-27\"}]},{\"@type\":\"WebSite\",\"@id\":\"https:\\\/\\\/laudiobhi.eus\\\/es\\\/#website\",\"url\":\"https:\\\/\\\/laudiobhi.eus\\\/es\\\/\",\"name\":\"laudioinstitutua\",\"description\":\"IES LAUDIO BHI \u00b7 Institutua\",\"potentialAction\":[{\"@type\":\"SearchAction\",\"target\":{\"@type\":\"EntryPoint\",\"urlTemplate\":\"https:\\\/\\\/laudiobhi.eus\\\/es\\\/?s={search_term_string}\"},\"query-input\":{\"@type\":\"PropertyValueSpecification\",\"valueRequired\":true,\"valueName\":\"search_term_string\"}}],\"inLanguage\":\"es\"},{\"@type\":\"Person\",\"@id\":\"https:\\\/\\\/laudiobhi.eus\\\/es\\\/#\\\/schema\\\/person\\\/2e02d70cc6d87b96593919a1a30cfd48\",\"name\":\"Aritza\",\"image\":{\"@type\":\"ImageObject\",\"inLanguage\":\"es\",\"@id\":\"https:\\\/\\\/secure.gravatar.com\\\/avatar\\\/41f64484d033391b7a3595dcef79858c3ee04a4f800e403fcb88602fb11410fd?s=96&d=mm&r=g\",\"url\":\"https:\\\/\\\/secure.gravatar.com\\\/avatar\\\/41f64484d033391b7a3595dcef79858c3ee04a4f800e403fcb88602fb11410fd?s=96&d=mm&r=g\",\"contentUrl\":\"https:\\\/\\\/secure.gravatar.com\\\/avatar\\\/41f64484d033391b7a3595dcef79858c3ee04a4f800e403fcb88602fb11410fd?s=96&d=mm&r=g\",\"caption\":\"Aritza\"}}]}<\/script>\n<!-- \/ Yoast SEO plugin. -->","yoast_head_json":{"title":"Transporte curso 26-27 | laudioinstitutua","robots":{"index":"noindex","follow":"follow"},"og_locale":"es_ES","og_type":"article","og_title":"Transporte curso 26-27 | laudioinstitutua","og_description":"Esta es la informaci\u00f3n b\u00e1sica sobre la organizaci\u00f3n del transporte escolar. En cada cuadro se indican el recorrido y el horario de los autobuses del alumnado de ESO que utiliza el transporte escolar. Tened en cuenta que, a partir de la segunda parada, el horario es aproximado. En esta semana os notificaremos la organizaci\u00f3n del [&hellip;]","og_url":"https:\/\/laudiobhi.eus\/es\/26-27-ikasturteko-garraioa\/","og_site_name":"laudioinstitutua","article_published_time":"2026-09-03T15:52:12+00:00","article_modified_time":"2026-09-03T16:02:39+00:00","og_image":[{"width":300,"height":300,"url":"https:\/\/laudiobhi.eus\/wp-content\/uploads\/2025\/09\/GARRAIOA-OHARRA-1.png","type":"image\/png"}],"author":"Aritza","twitter_card":"summary_large_image","twitter_misc":{"Escrito por":"Aritza","Tiempo de lectura":"1 minuto"},"schema":{"@context":"https:\/\/schema.org","@graph":[{"@type":"Article","@id":"https:\/\/laudiobhi.eus\/es\/26-27-ikasturteko-garraioa\/#article","isPartOf":{"@id":"https:\/\/laudiobhi.eus\/es\/26-27-ikasturteko-garraioa\/"},"author":{"name":"Aritza","@id":"https:\/\/laudiobhi.eus\/es\/#\/schema\/person\/2e02d70cc6d87b96593919a1a30cfd48"},"headline":"Transporte curso 26-27","datePublished":"2026-09-03T15:52:12+00:00","dateModified":"2026-09-03T16:02:39+00:00","mainEntityOfPage":{"@id":"https:\/\/laudiobhi.eus\/es\/26-27-ikasturteko-garraioa\/"},"wordCount":346,"image":{"@id":"https:\/\/laudiobhi.eus\/es\/26-27-ikasturteko-garraioa\/#primaryimage"},"thumbnailUrl":"https:\/\/laudiobhi.eus\/wp-content\/uploads\/2025\/09\/GARRAIOA-OHARRA-1.png","articleSection":["Sin categorizar"],"inLanguage":"es"},{"@type":"WebPage","@id":"https:\/\/laudiobhi.eus\/es\/26-27-ikasturteko-garraioa\/","url":"https:\/\/laudiobhi.eus\/es\/26-27-ikasturteko-garraioa\/","name":"Transporte curso 26-27 | laudioinstitutua","isPartOf":{"@id":"https:\/\/laudiobhi.eus\/es\/#website"},"primaryImageOfPage":{"@id":"https:\/\/laudiobhi.eus\/es\/26-27-ikasturteko-garraioa\/#primaryimage"},"image":{"@id":"https:\/\/laudiobhi.eus\/es\/26-27-ikasturteko-garraioa\/#primaryimage"},"thumbnailUrl":"https:\/\/laudiobhi.eus\/wp-content\/uploads\/2025\/09\/GARRAIOA-OHARRA-1.png","datePublished":"2026-09-03T15:52:12+00:00","dateModified":"2026-09-03T16:02:39+00:00","author":{"@id":"https:\/\/laudiobhi.eus\/es\/#\/schema\/person\/2e02d70cc6d87b96593919a1a30cfd48"},"breadcrumb":{"@id":"https:\/\/laudiobhi.eus\/es\/26-27-ikasturteko-garraioa\/#breadcrumb"},"inLanguage":"es","potentialAction":[{"@type":"ReadAction","target":["https:\/\/laudiobhi.eus\/es\/26-27-ikasturteko-garraioa\/"]}]},{"@type":"ImageObject","inLanguage":"es","@id":"https:\/\/laudiobhi.eus\/es\/26-27-ikasturteko-garraioa\/#primaryimage","url":"https:\/\/laudiobhi.eus\/wp-content\/uploads\/2025\/09\/GARRAIOA-OHARRA-1.png","contentUrl":"https:\/\/laudiobhi.eus\/wp-content\/uploads\/2025\/09\/GARRAIOA-OHARRA-1.png","width":300,"height":300},{"@type":"BreadcrumbList","@id":"https:\/\/laudiobhi.eus\/es\/26-27-ikasturteko-garraioa\/#breadcrumb","itemListElement":[{"@type":"ListItem","position":1,"name":"Home","item":"https:\/\/laudiobhi.eus\/es\/"},{"@type":"ListItem","position":2,"name":"Transporte curso 26-27"}]},{"@type":"WebSite","@id":"https:\/\/laudiobhi.eus\/es\/#website","url":"https:\/\/laudiobhi.eus\/es\/","name":"laudioinstitutua","description":"IES LAUDIO BHI \u00b7 Institutua","potentialAction":[{"@type":"SearchAction","target":{"@type":"EntryPoint","urlTemplate":"https:\/\/laudiobhi.eus\/es\/?s={search_term_string}"},"query-input":{"@type":"PropertyValueSpecification","valueRequired":true,"valueName":"search_term_string"}}],"inLanguage":"es"},{"@type":"Person","@id":"https:\/\/laudiobhi.eus\/es\/#\/schema\/person\/2e02d70cc6d87b96593919a1a30cfd48","name":"Aritza","image":{"@type":"ImageObject","inLanguage":"es","@id":"https:\/\/secure.gravatar.com\/avatar\/41f64484d033391b7a3595dcef79858c3ee04a4f800e403fcb88602fb11410fd?s=96&d=mm&r=g","url":"https:\/\/secure.gravatar.com\/avatar\/41f64484d033391b7a3595dcef79858c3ee04a4f800e403fcb88602fb11410fd?s=96&d=mm&r=g","contentUrl":"https:\/\/secure.gravatar.com\/avatar\/41f64484d033391b7a3595dcef79858c3ee04a4f800e403fcb88602fb11410fd?s=96&d=mm&r=g","caption":"Aritza"}}]}},"_links":{"self":[{"href":"https:\/\/laudiobhi.eus\/es\/wp-json\/wp\/v2\/posts\/11368","targetHints":{"allow":["GET"]}}],"collection":[{"href":"https:\/\/laudiobhi.eus\/es\/wp-json\/wp\/v2\/posts"}],"about":[{"href":"https:\/\/laudiobhi.eus\/es\/wp-json\/wp\/v2\/types\/post"}],"author":[{"embeddable":true,"href":"https:\/\/laudiobhi.eus\/es\/wp-json\/wp\/v2\/users\/2"}],"replies":[{"embeddable":true,"href":"https:\/\/laudiobhi.eus\/es\/wp-json\/wp\/v2\/comments?post=11368"}],"version-history":[{"count":4,"href":"https:\/\/laudiobhi.eus\/es\/wp-json\/wp\/v2\/posts\/11368\/revisions"}],"predecessor-version":[{"id":11400,"href":"https:\/\/laudiobhi.eus\/es\/wp-json\/wp\/v2\/posts\/11368\/revisions\/11400"}],"wp:featuredmedia":[{"embeddable":true,"href":"https:\/\/laudiobhi.eus\/es\/wp-json\/wp\/v2\/media\/9555"}],"wp:attachment":[{"href":"https:\/\/laudiobhi.eus\/es\/wp-json\/wp\/v2\/media?parent=11368"}],"wp:term":[{"taxonomy":"category","embeddable":true,"href":"https:\/\/laudiobhi.eus\/es\/wp-json\/wp\/v2\/categories?post=11368"},{"taxonomy":"post_tag","embeddable":true,"href":"https:\/\/laudiobhi.eus\/es\/wp-json\/wp\/v2\/tags?post=11368"}],"curies":[{"name":"wp","href":"https:\/\/api.w.org\/{rel}","templated":true}]}}